{"id":22364,"date":"2019-07-05T16:33:12","date_gmt":"2019-07-05T14:33:12","guid":{"rendered":"http:\/\/wordpress.wilms-tks.de\/zweite-ausbildungsmesse-in-der-gesamtschule-brueggen-verhaltener-optimismus-bei-spuerbar-wachsendem-interesse\/"},"modified":"2019-07-05T16:33:12","modified_gmt":"2019-07-05T14:33:12","slug":"zweite-ausbildungsmesse-in-der-gesamtschule-brueggen-verhaltener-optimismus-bei-spuerbar-wachsendem-interesse","status":"publish","type":"post","link":"https:\/\/www.wilms-gruppe.de\/en\/zweite-ausbildungsmesse-in-der-gesamtschule-brueggen-verhaltener-optimismus-bei-spuerbar-wachsendem-interesse\/","title":{"rendered":"Zweite Ausbildungsmesse in der Gesamtschule Br\u00fcggen: Verhaltener Optimismus bei sp\u00fcrbar wachsendem Interesse"},"content":{"rendered":"<p>\u201eBildung und Ausbildung sind unsere Investition in die Zukunft und das Morgen geh\u00f6rt denjenigen, die sich heute darauf vorbereiten.\u201c Jutta Hilgenberg, Prokuristin der Unternehmensgruppe WILMS, Niederkr\u00fcchten, fasst zusammen, was sowohl f\u00fcr Ausbilder als auch Auszubildende gilt.<\/p>\n<p>Die zweite Messe in der Gesamtschule in Br\u00fcggen am 20. November 2010 verzeichnete gegen\u00fcber der ersten Messe wieder mehr Besucher und damit einen Schritt nach vorn. Parallel zum Tag der Offenen T\u00fcr im selben Geb\u00e4ude profitierten die Ausbildungsunternehmen von der h\u00f6heren Frequenz bei den Besucherzahlen, doch w\u00fcnschen sie sich eine eigene Veranstaltung, um nicht durch weitere Angebote am selben Tag und am selben Ort von der eigentlichen Botschaft der Ausbildungsmesse abzulenken.<br \/>\nDie Unternehmensgruppe WILMS pr\u00e4sentierte sich als eines von f\u00fcnf Unternehmen der Ausbildungsoffensive von Logistikunternehmen im Kreis Viersen. Unter dem Motto &#8220;Logistiker kooperieren und Azubis profitieren&#8221; stellten sie sich den Fragen der Sch\u00fcler und Sch\u00fclerinnen, aber auch der Eltern und Lehrk\u00f6rper.<br \/>\nMit der Reiner Bohnen GmbH, der Gebr. Vetten GmbH, der Odlo Logistik GmbH sowie der VPS Vetten Personalservice GmbH &amp; Co KG teilte sich die TKS einen Raum zur Information \u00fcber die Zielsetzung dieser gemeinsamen Kooperation.<br \/>\nDie Unternehmen arbeiten f\u00fcr die Aus- und Weiterbildung im Bereich der Logistik zusammen und werden von der Wirtschaftsf\u00f6rderungsgesellschaft Viersen unterst\u00fctzt.<br \/>\nSo k\u00f6nnen die einzelnen Unternehmen ihre betrieblichen Ausbildungsprogramme wechselseitig im Verbund nutzen. Angewandte Synergien helfen zudem Kosten zu sparen. Gemeinsam profitiert sowohl das Image der Logistikbranche als auch das ihrer Berufe.<br \/>\nJutta Hilgenberg, als Beauftragte der TKS vor Ort res\u00fcmiert, dass die Messe ausbauf\u00e4hig sei. Interesse am TKS-Stand lag vor allem in der Frage nach den Details in der Ausbildung zur Fachkraft f\u00fcr Lagerlogistik und zum Fachlageristen.<br \/>\nNiederkr\u00fcchten, im November 2010<\/p>\n<p>Kontakt:<br \/>\nRuth Witteler-Koch<br \/>\nPresse<br \/>\nUnternehmensgruppe WILMS<br \/>\nSohlweg 2<br \/>\nD-41372 Niederkr\u00fcchten<br \/>\nT +49 (0)2163 8987-69<br \/>\nF +49 (0)2163 8987-29<br \/>\npresse wilms-tks.de<\/p>\n<p>Download:<\/p>\n<p><a href=\"https:\/\/www.wilms-gruppe.de\/\/wp-content\/uploads\/2019\/07\/foto_messe_brueggen.jpg\">Foto (JPG)<\/a><\/p>\n<p>Bildunterschrift:<br \/>\nUnternehmensvertreter der Ausbildungkooperation sowie einige ihrer Auszubildenden stellten sich den Fragen der interessierten Jugendlichen.<br \/>\nVorne links im Bild das WILMS-Team (li. die Auszubildende Madeleine Aarts, 3. v.li. der Auszubildende Sebastian Gehrmann) von Jutta Hilgenberg (2. v.li) als Repr\u00e4sentantin des Unternehmens.<\/p>\n","protected":false},"excerpt":{"rendered":"<p>\u201eBildung und Ausbildung sind unsere Investition in die Zukunft und das Morgen geh\u00f6rt denjenigen, die sich heute darauf vorbereiten.\u201c Jutta Hilgenberg, Prokuristin der Unternehmensgruppe WILMS, Niederkr\u00fcchten, fasst zusammen, was sowohl f\u00fcr Ausbilder als auch Auszubildende gilt. Die zweite Messe in der Gesamtschule in Br\u00fcggen am&#8230;<\/p>\n","protected":false},"author":1,"featured_media":22332,"comment_status":"closed","ping_status":"closed","sticky":false,"template":"","format":"standard","meta":{"footnotes":""},"categories":[334],"tags":[],"class_list":["post-22364","post","type-post","status-publish","format-standard","has-post-thumbnail","hentry","category-pressearchiv-en"],"yoast_head":"<!-- This site is optimized with the Yoast SEO plugin v27.0 - https:\/\/yoast.com\/product\/yoast-seo-wordpress\/ -->\n<title>Unternehmensgruppe WILMS - WILMS Tiefk\u00fchl-Service &amp; WILMS Transport GmbH - Warehouse logistics services Temperature-controlled transport Zweite Ausbildungsmesse in der Gesamtschule Br\u00fcggen: Verhaltener Optimismus bei sp\u00fcrbar wachsendem Interesse<\/title>\n<meta name=\"description\" content=\"Unternehmensgruppe WILMS: WILMS Tiefk\u00fchl-Service &amp; WILMS Transport GmbH - Warehouse logistics services Temperature-controlled transport Zweite Ausbildungsmesse in der Gesamtschule Br\u00fcggen: Verhaltener Optimismus bei sp\u00fcrbar wachsendem Interesse\" \/>\n<meta name=\"robots\" content=\"index, follow, max-snippet:-1, max-image-preview:large, max-video-preview:-1\" \/>\n<link rel=\"canonical\" href=\"https:\/\/www.wilms-gruppe.de\/en\/zweite-ausbildungsmesse-in-der-gesamtschule-brueggen-verhaltener-optimismus-bei-spuerbar-wachsendem-interesse\/\" \/>\n<meta property=\"og:locale\" content=\"en_US\" \/>\n<meta property=\"og:type\" content=\"article\" \/>\n<meta property=\"og:title\" content=\"Unternehmensgruppe WILMS - WILMS Tiefk\u00fchl-Service &amp; WILMS Transport GmbH - Warehouse logistics services Temperature-controlled transport Zweite Ausbildungsmesse in der Gesamtschule Br\u00fcggen: Verhaltener Optimismus bei sp\u00fcrbar wachsendem Interesse\" \/>\n<meta property=\"og:description\" content=\"Unternehmensgruppe WILMS: WILMS Tiefk\u00fchl-Service &amp; WILMS Transport GmbH - Warehouse logistics services Temperature-controlled transport Zweite Ausbildungsmesse in der Gesamtschule Br\u00fcggen: Verhaltener Optimismus bei sp\u00fcrbar wachsendem Interesse\" \/>\n<meta property=\"og:url\" content=\"https:\/\/www.wilms-gruppe.de\/en\/zweite-ausbildungsmesse-in-der-gesamtschule-brueggen-verhaltener-optimismus-bei-spuerbar-wachsendem-interesse\/\" \/>\n<meta property=\"og:site_name\" content=\"Unternehmensgruppe WILMS\" \/>\n<meta property=\"article:published_time\" content=\"2019-07-05T14:33:12+00:00\" \/>\n<meta property=\"og:image\" content=\"https:\/\/www.wilms-gruppe.de\/wp-content\/uploads\/2019\/07\/foto_messe_brueggen.jpg\" \/>\n\t<meta property=\"og:image:width\" content=\"3890\" \/>\n\t<meta property=\"og:image:height\" content=\"2240\" \/>\n\t<meta property=\"og:image:type\" content=\"image\/jpeg\" \/>\n<meta name=\"author\" content=\"WILMS Gruppe\" \/>\n<meta name=\"twitter:card\" content=\"summary_large_image\" \/>\n<meta name=\"twitter:label1\" content=\"Written by\" \/>\n\t<meta name=\"twitter:data1\" content=\"WILMS Gruppe\" \/>\n\t<meta name=\"twitter:label2\" content=\"Est. reading time\" \/>\n\t<meta name=\"twitter:data2\" content=\"2 minutes\" \/>\n<script type=\"application\/ld+json\" class=\"yoast-schema-graph\">{\"@context\":\"https:\/\/schema.org\",\"@graph\":[{\"@type\":\"Article\",\"@id\":\"https:\/\/www.wilms-gruppe.de\/en\/zweite-ausbildungsmesse-in-der-gesamtschule-brueggen-verhaltener-optimismus-bei-spuerbar-wachsendem-interesse\/#article\",\"isPartOf\":{\"@id\":\"https:\/\/www.wilms-gruppe.de\/en\/zweite-ausbildungsmesse-in-der-gesamtschule-brueggen-verhaltener-optimismus-bei-spuerbar-wachsendem-interesse\/\"},\"author\":{\"name\":\"WILMS Gruppe\",\"@id\":\"https:\/\/www.wilms-gruppe.de\/en\/#\/schema\/person\/28f4c14e754cfd9aec466fd3da910c8a\"},\"headline\":\"Zweite Ausbildungsmesse in der Gesamtschule Br\u00fcggen: Verhaltener Optimismus bei sp\u00fcrbar wachsendem Interesse\",\"datePublished\":\"2019-07-05T14:33:12+00:00\",\"mainEntityOfPage\":{\"@id\":\"https:\/\/www.wilms-gruppe.de\/en\/zweite-ausbildungsmesse-in-der-gesamtschule-brueggen-verhaltener-optimismus-bei-spuerbar-wachsendem-interesse\/\"},\"wordCount\":369,\"publisher\":{\"@id\":\"https:\/\/www.wilms-gruppe.de\/en\/#organization\"},\"image\":{\"@id\":\"https:\/\/www.wilms-gruppe.de\/en\/zweite-ausbildungsmesse-in-der-gesamtschule-brueggen-verhaltener-optimismus-bei-spuerbar-wachsendem-interesse\/#primaryimage\"},\"thumbnailUrl\":\"https:\/\/www.wilms-gruppe.de\/wp-content\/uploads\/2019\/07\/foto_messe_brueggen.jpg\",\"articleSection\":[\"Pressearchiv\"],\"inLanguage\":\"en-US\"},{\"@type\":\"WebPage\",\"@id\":\"https:\/\/www.wilms-gruppe.de\/en\/zweite-ausbildungsmesse-in-der-gesamtschule-brueggen-verhaltener-optimismus-bei-spuerbar-wachsendem-interesse\/\",\"url\":\"https:\/\/www.wilms-gruppe.de\/en\/zweite-ausbildungsmesse-in-der-gesamtschule-brueggen-verhaltener-optimismus-bei-spuerbar-wachsendem-interesse\/\",\"name\":\"Unternehmensgruppe WILMS - WILMS Tiefk\u00fchl-Service & WILMS Transport GmbH - Warehouse logistics services Temperature-controlled transport Zweite Ausbildungsmesse in der Gesamtschule Br\u00fcggen: Verhaltener Optimismus bei sp\u00fcrbar wachsendem Interesse\",\"isPartOf\":{\"@id\":\"https:\/\/www.wilms-gruppe.de\/en\/#website\"},\"primaryImageOfPage\":{\"@id\":\"https:\/\/www.wilms-gruppe.de\/en\/zweite-ausbildungsmesse-in-der-gesamtschule-brueggen-verhaltener-optimismus-bei-spuerbar-wachsendem-interesse\/#primaryimage\"},\"image\":{\"@id\":\"https:\/\/www.wilms-gruppe.de\/en\/zweite-ausbildungsmesse-in-der-gesamtschule-brueggen-verhaltener-optimismus-bei-spuerbar-wachsendem-interesse\/#primaryimage\"},\"thumbnailUrl\":\"https:\/\/www.wilms-gruppe.de\/wp-content\/uploads\/2019\/07\/foto_messe_brueggen.jpg\",\"datePublished\":\"2019-07-05T14:33:12+00:00\",\"description\":\"Unternehmensgruppe WILMS: WILMS Tiefk\u00fchl-Service & WILMS Transport GmbH - Warehouse logistics services Temperature-controlled transport Zweite Ausbildungsmesse in der Gesamtschule Br\u00fcggen: Verhaltener Optimismus bei sp\u00fcrbar wachsendem Interesse\",\"breadcrumb\":{\"@id\":\"https:\/\/www.wilms-gruppe.de\/en\/zweite-ausbildungsmesse-in-der-gesamtschule-brueggen-verhaltener-optimismus-bei-spuerbar-wachsendem-interesse\/#breadcrumb\"},\"inLanguage\":\"en-US\",\"potentialAction\":[{\"@type\":\"ReadAction\",\"target\":[\"https:\/\/www.wilms-gruppe.de\/en\/zweite-ausbildungsmesse-in-der-gesamtschule-brueggen-verhaltener-optimismus-bei-spuerbar-wachsendem-interesse\/\"]}]},{\"@type\":\"ImageObject\",\"inLanguage\":\"en-US\",\"@id\":\"https:\/\/www.wilms-gruppe.de\/en\/zweite-ausbildungsmesse-in-der-gesamtschule-brueggen-verhaltener-optimismus-bei-spuerbar-wachsendem-interesse\/#primaryimage\",\"url\":\"https:\/\/www.wilms-gruppe.de\/wp-content\/uploads\/2019\/07\/foto_messe_brueggen.jpg\",\"contentUrl\":\"https:\/\/www.wilms-gruppe.de\/wp-content\/uploads\/2019\/07\/foto_messe_brueggen.jpg\",\"width\":3890,\"height\":2240,\"caption\":\"Unternehmensvertreter der Ausbildungkooperation sowie einige ihrer Auszubildenden stellten sich den Fragen der interessierten Jugendlichen. Vorne links im Bild das WILMS-Team (li. die Auszubildende Madeleine Aarts, 3. v.li. der Auszubildende Sebastian Gehrmann) von Jutta Hilgenberg (2. v.li) als Repr\u00e4sentantin des Unternehmens.\"},{\"@type\":\"BreadcrumbList\",\"@id\":\"https:\/\/www.wilms-gruppe.de\/en\/zweite-ausbildungsmesse-in-der-gesamtschule-brueggen-verhaltener-optimismus-bei-spuerbar-wachsendem-interesse\/#breadcrumb\",\"itemListElement\":[{\"@type\":\"ListItem\",\"position\":1,\"name\":\"Home\",\"item\":\"https:\/\/www.wilms-gruppe.de\/en\/\"},{\"@type\":\"ListItem\",\"position\":2,\"name\":\"Zweite Ausbildungsmesse in der Gesamtschule Br\u00fcggen: Verhaltener Optimismus bei sp\u00fcrbar wachsendem Interesse\"}]},{\"@type\":\"WebSite\",\"@id\":\"https:\/\/www.wilms-gruppe.de\/en\/#website\",\"url\":\"https:\/\/www.wilms-gruppe.de\/en\/\",\"name\":\"Unternehmensgruppe WILMS\",\"description\":\"\",\"publisher\":{\"@id\":\"https:\/\/www.wilms-gruppe.de\/en\/#organization\"},\"potentialAction\":[{\"@type\":\"SearchAction\",\"target\":{\"@type\":\"EntryPoint\",\"urlTemplate\":\"https:\/\/www.wilms-gruppe.de\/en\/?s={search_term_string}\"},\"query-input\":{\"@type\":\"PropertyValueSpecification\",\"valueRequired\":true,\"valueName\":\"search_term_string\"}}],\"inLanguage\":\"en-US\"},{\"@type\":\"Organization\",\"@id\":\"https:\/\/www.wilms-gruppe.de\/en\/#organization\",\"name\":\"WILMS Group\",\"url\":\"https:\/\/www.wilms-gruppe.de\/en\/\",\"logo\":{\"@type\":\"ImageObject\",\"inLanguage\":\"en-US\",\"@id\":\"https:\/\/www.wilms-gruppe.de\/en\/#\/schema\/logo\/image\/\",\"url\":\"https:\/\/www.wilms-gruppe.de\/wp-content\/uploads\/2019\/12\/logo_wilms_transport_klein.png\",\"contentUrl\":\"https:\/\/www.wilms-gruppe.de\/wp-content\/uploads\/2019\/12\/logo_wilms_transport_klein.png\",\"width\":194,\"height\":49,\"caption\":\"WILMS Group\"},\"image\":{\"@id\":\"https:\/\/www.wilms-gruppe.de\/en\/#\/schema\/logo\/image\/\"}},{\"@type\":\"Person\",\"@id\":\"https:\/\/www.wilms-gruppe.de\/en\/#\/schema\/person\/28f4c14e754cfd9aec466fd3da910c8a\",\"name\":\"WILMS Gruppe\",\"image\":{\"@type\":\"ImageObject\",\"inLanguage\":\"en-US\",\"@id\":\"https:\/\/www.wilms-gruppe.de\/en\/#\/schema\/person\/image\/\",\"url\":\"https:\/\/secure.gravatar.com\/avatar\/8a122b4b5a36c24f5a457607c614b03adea035bb26ada6b0df26aa355a776ac5?s=96&d=mm&r=g\",\"contentUrl\":\"https:\/\/secure.gravatar.com\/avatar\/8a122b4b5a36c24f5a457607c614b03adea035bb26ada6b0df26aa355a776ac5?s=96&d=mm&r=g\",\"caption\":\"WILMS Gruppe\"}}]}<\/script>\n<!-- \/ Yoast SEO plugin. -->","yoast_head_json":{"title":"Unternehmensgruppe WILMS - WILMS Tiefk\u00fchl-Service & WILMS Transport GmbH - Warehouse logistics services Temperature-controlled transport Zweite Ausbildungsmesse in der Gesamtschule Br\u00fcggen: Verhaltener Optimismus bei sp\u00fcrbar wachsendem Interesse","description":"Unternehmensgruppe WILMS: WILMS Tiefk\u00fchl-Service & WILMS Transport GmbH - Warehouse logistics services Temperature-controlled transport Zweite Ausbildungsmesse in der Gesamtschule Br\u00fcggen: Verhaltener Optimismus bei sp\u00fcrbar wachsendem Interesse","robots":{"index":"index","follow":"follow","max-snippet":"max-snippet:-1","max-image-preview":"max-image-preview:large","max-video-preview":"max-video-preview:-1"},"canonical":"https:\/\/www.wilms-gruppe.de\/en\/zweite-ausbildungsmesse-in-der-gesamtschule-brueggen-verhaltener-optimismus-bei-spuerbar-wachsendem-interesse\/","og_locale":"en_US","og_type":"article","og_title":"Unternehmensgruppe WILMS - WILMS Tiefk\u00fchl-Service & WILMS Transport GmbH - Warehouse logistics services Temperature-controlled transport Zweite Ausbildungsmesse in der Gesamtschule Br\u00fcggen: Verhaltener Optimismus bei sp\u00fcrbar wachsendem Interesse","og_description":"Unternehmensgruppe WILMS: WILMS Tiefk\u00fchl-Service & WILMS Transport GmbH - Warehouse logistics services Temperature-controlled transport Zweite Ausbildungsmesse in der Gesamtschule Br\u00fcggen: Verhaltener Optimismus bei sp\u00fcrbar wachsendem Interesse","og_url":"https:\/\/www.wilms-gruppe.de\/en\/zweite-ausbildungsmesse-in-der-gesamtschule-brueggen-verhaltener-optimismus-bei-spuerbar-wachsendem-interesse\/","og_site_name":"Unternehmensgruppe WILMS","article_published_time":"2019-07-05T14:33:12+00:00","og_image":[{"width":3890,"height":2240,"url":"https:\/\/www.wilms-gruppe.de\/wp-content\/uploads\/2019\/07\/foto_messe_brueggen.jpg","type":"image\/jpeg"}],"author":"WILMS Gruppe","twitter_card":"summary_large_image","twitter_misc":{"Written by":"WILMS Gruppe","Est. reading time":"2 minutes"},"schema":{"@context":"https:\/\/schema.org","@graph":[{"@type":"Article","@id":"https:\/\/www.wilms-gruppe.de\/en\/zweite-ausbildungsmesse-in-der-gesamtschule-brueggen-verhaltener-optimismus-bei-spuerbar-wachsendem-interesse\/#article","isPartOf":{"@id":"https:\/\/www.wilms-gruppe.de\/en\/zweite-ausbildungsmesse-in-der-gesamtschule-brueggen-verhaltener-optimismus-bei-spuerbar-wachsendem-interesse\/"},"author":{"name":"WILMS Gruppe","@id":"https:\/\/www.wilms-gruppe.de\/en\/#\/schema\/person\/28f4c14e754cfd9aec466fd3da910c8a"},"headline":"Zweite Ausbildungsmesse in der Gesamtschule Br\u00fcggen: Verhaltener Optimismus bei sp\u00fcrbar wachsendem Interesse","datePublished":"2019-07-05T14:33:12+00:00","mainEntityOfPage":{"@id":"https:\/\/www.wilms-gruppe.de\/en\/zweite-ausbildungsmesse-in-der-gesamtschule-brueggen-verhaltener-optimismus-bei-spuerbar-wachsendem-interesse\/"},"wordCount":369,"publisher":{"@id":"https:\/\/www.wilms-gruppe.de\/en\/#organization"},"image":{"@id":"https:\/\/www.wilms-gruppe.de\/en\/zweite-ausbildungsmesse-in-der-gesamtschule-brueggen-verhaltener-optimismus-bei-spuerbar-wachsendem-interesse\/#primaryimage"},"thumbnailUrl":"https:\/\/www.wilms-gruppe.de\/wp-content\/uploads\/2019\/07\/foto_messe_brueggen.jpg","articleSection":["Pressearchiv"],"inLanguage":"en-US"},{"@type":"WebPage","@id":"https:\/\/www.wilms-gruppe.de\/en\/zweite-ausbildungsmesse-in-der-gesamtschule-brueggen-verhaltener-optimismus-bei-spuerbar-wachsendem-interesse\/","url":"https:\/\/www.wilms-gruppe.de\/en\/zweite-ausbildungsmesse-in-der-gesamtschule-brueggen-verhaltener-optimismus-bei-spuerbar-wachsendem-interesse\/","name":"Unternehmensgruppe WILMS - WILMS Tiefk\u00fchl-Service & WILMS Transport GmbH - Warehouse logistics services Temperature-controlled transport Zweite Ausbildungsmesse in der Gesamtschule Br\u00fcggen: Verhaltener Optimismus bei sp\u00fcrbar wachsendem Interesse","isPartOf":{"@id":"https:\/\/www.wilms-gruppe.de\/en\/#website"},"primaryImageOfPage":{"@id":"https:\/\/www.wilms-gruppe.de\/en\/zweite-ausbildungsmesse-in-der-gesamtschule-brueggen-verhaltener-optimismus-bei-spuerbar-wachsendem-interesse\/#primaryimage"},"image":{"@id":"https:\/\/www.wilms-gruppe.de\/en\/zweite-ausbildungsmesse-in-der-gesamtschule-brueggen-verhaltener-optimismus-bei-spuerbar-wachsendem-interesse\/#primaryimage"},"thumbnailUrl":"https:\/\/www.wilms-gruppe.de\/wp-content\/uploads\/2019\/07\/foto_messe_brueggen.jpg","datePublished":"2019-07-05T14:33:12+00:00","description":"Unternehmensgruppe WILMS: WILMS Tiefk\u00fchl-Service & WILMS Transport GmbH - Warehouse logistics services Temperature-controlled transport Zweite Ausbildungsmesse in der Gesamtschule Br\u00fcggen: Verhaltener Optimismus bei sp\u00fcrbar wachsendem Interesse","breadcrumb":{"@id":"https:\/\/www.wilms-gruppe.de\/en\/zweite-ausbildungsmesse-in-der-gesamtschule-brueggen-verhaltener-optimismus-bei-spuerbar-wachsendem-interesse\/#breadcrumb"},"inLanguage":"en-US","potentialAction":[{"@type":"ReadAction","target":["https:\/\/www.wilms-gruppe.de\/en\/zweite-ausbildungsmesse-in-der-gesamtschule-brueggen-verhaltener-optimismus-bei-spuerbar-wachsendem-interesse\/"]}]},{"@type":"ImageObject","inLanguage":"en-US","@id":"https:\/\/www.wilms-gruppe.de\/en\/zweite-ausbildungsmesse-in-der-gesamtschule-brueggen-verhaltener-optimismus-bei-spuerbar-wachsendem-interesse\/#primaryimage","url":"https:\/\/www.wilms-gruppe.de\/wp-content\/uploads\/2019\/07\/foto_messe_brueggen.jpg","contentUrl":"https:\/\/www.wilms-gruppe.de\/wp-content\/uploads\/2019\/07\/foto_messe_brueggen.jpg","width":3890,"height":2240,"caption":"Unternehmensvertreter der Ausbildungkooperation sowie einige ihrer Auszubildenden stellten sich den Fragen der interessierten Jugendlichen. Vorne links im Bild das WILMS-Team (li. die Auszubildende Madeleine Aarts, 3. v.li. der Auszubildende Sebastian Gehrmann) von Jutta Hilgenberg (2. v.li) als Repr\u00e4sentantin des Unternehmens."},{"@type":"BreadcrumbList","@id":"https:\/\/www.wilms-gruppe.de\/en\/zweite-ausbildungsmesse-in-der-gesamtschule-brueggen-verhaltener-optimismus-bei-spuerbar-wachsendem-interesse\/#breadcrumb","itemListElement":[{"@type":"ListItem","position":1,"name":"Home","item":"https:\/\/www.wilms-gruppe.de\/en\/"},{"@type":"ListItem","position":2,"name":"Zweite Ausbildungsmesse in der Gesamtschule Br\u00fcggen: Verhaltener Optimismus bei sp\u00fcrbar wachsendem Interesse"}]},{"@type":"WebSite","@id":"https:\/\/www.wilms-gruppe.de\/en\/#website","url":"https:\/\/www.wilms-gruppe.de\/en\/","name":"Unternehmensgruppe WILMS","description":"","publisher":{"@id":"https:\/\/www.wilms-gruppe.de\/en\/#organization"},"potentialAction":[{"@type":"SearchAction","target":{"@type":"EntryPoint","urlTemplate":"https:\/\/www.wilms-gruppe.de\/en\/?s={search_term_string}"},"query-input":{"@type":"PropertyValueSpecification","valueRequired":true,"valueName":"search_term_string"}}],"inLanguage":"en-US"},{"@type":"Organization","@id":"https:\/\/www.wilms-gruppe.de\/en\/#organization","name":"WILMS Group","url":"https:\/\/www.wilms-gruppe.de\/en\/","logo":{"@type":"ImageObject","inLanguage":"en-US","@id":"https:\/\/www.wilms-gruppe.de\/en\/#\/schema\/logo\/image\/","url":"https:\/\/www.wilms-gruppe.de\/wp-content\/uploads\/2019\/12\/logo_wilms_transport_klein.png","contentUrl":"https:\/\/www.wilms-gruppe.de\/wp-content\/uploads\/2019\/12\/logo_wilms_transport_klein.png","width":194,"height":49,"caption":"WILMS Group"},"image":{"@id":"https:\/\/www.wilms-gruppe.de\/en\/#\/schema\/logo\/image\/"}},{"@type":"Person","@id":"https:\/\/www.wilms-gruppe.de\/en\/#\/schema\/person\/28f4c14e754cfd9aec466fd3da910c8a","name":"WILMS Gruppe","image":{"@type":"ImageObject","inLanguage":"en-US","@id":"https:\/\/www.wilms-gruppe.de\/en\/#\/schema\/person\/image\/","url":"https:\/\/secure.gravatar.com\/avatar\/8a122b4b5a36c24f5a457607c614b03adea035bb26ada6b0df26aa355a776ac5?s=96&d=mm&r=g","contentUrl":"https:\/\/secure.gravatar.com\/avatar\/8a122b4b5a36c24f5a457607c614b03adea035bb26ada6b0df26aa355a776ac5?s=96&d=mm&r=g","caption":"WILMS Gruppe"}}]}},"_links":{"self":[{"href":"https:\/\/www.wilms-gruppe.de\/en\/wp-json\/wp\/v2\/posts\/22364","targetHints":{"allow":["GET"]}}],"collection":[{"href":"https:\/\/www.wilms-gruppe.de\/en\/wp-json\/wp\/v2\/posts"}],"about":[{"href":"https:\/\/www.wilms-gruppe.de\/en\/wp-json\/wp\/v2\/types\/post"}],"author":[{"embeddable":true,"href":"https:\/\/www.wilms-gruppe.de\/en\/wp-json\/wp\/v2\/users\/1"}],"replies":[{"embeddable":true,"href":"https:\/\/www.wilms-gruppe.de\/en\/wp-json\/wp\/v2\/comments?post=22364"}],"version-history":[{"count":0,"href":"https:\/\/www.wilms-gruppe.de\/en\/wp-json\/wp\/v2\/posts\/22364\/revisions"}],"wp:featuredmedia":[{"embeddable":true,"href":"https:\/\/www.wilms-gruppe.de\/en\/wp-json\/wp\/v2\/media\/22332"}],"wp:attachment":[{"href":"https:\/\/www.wilms-gruppe.de\/en\/wp-json\/wp\/v2\/media?parent=22364"}],"wp:term":[{"taxonomy":"category","embeddable":true,"href":"https:\/\/www.wilms-gruppe.de\/en\/wp-json\/wp\/v2\/categories?post=22364"},{"taxonomy":"post_tag","embeddable":true,"href":"https:\/\/www.wilms-gruppe.de\/en\/wp-json\/wp\/v2\/tags?post=22364"}],"curies":[{"name":"wp","href":"https:\/\/api.w.org\/{rel}","templated":true}]}}