{"id":22362,"date":"2019-07-05T16:33:11","date_gmt":"2019-07-05T14:33:11","guid":{"rendered":"http:\/\/wordpress.wilms-tks.de\/25-jahre-bei-wilms-tiefkuehl-service-niederkruechtener-unternehmen-ehrt-mitarbeiter\/"},"modified":"2019-07-05T16:33:11","modified_gmt":"2019-07-05T14:33:11","slug":"25-jahre-bei-wilms-tiefkuehl-service-niederkruechtener-unternehmen-ehrt-mitarbeiter","status":"publish","type":"post","link":"https:\/\/www.wilms-gruppe.de\/en\/25-jahre-bei-wilms-tiefkuehl-service-niederkruechtener-unternehmen-ehrt-mitarbeiter\/","title":{"rendered":"25 jahre bei WILMS Tiefk\u00fchl-Service: Niederkr\u00fcchtener Unternehmen ehrt Mitarbeiter"},"content":{"rendered":"<p>Detlef Vierschgens (46), gelernter KFZ-Mechaniker, begann seine T\u00e4tigkeit am 1. April 1986 im Unternehmen mit fr\u00fcherem Sitz in Wegberg-Arsbeck, das damals noch Heinrich Nolten sen. oHG hie\u00df. Vierschgens war zun\u00e4chst als Mitarbeiter im Lagerbereich besch\u00e4ftigt. Schon Vierschgens Vater war \u00fcber mehrere Jahrzehnte f\u00fcr die Familie Margot und Stephan Wilms und ihr Unternehmen t\u00e4tig. Seit 1991 tr\u00e4gt es den Namen \u201eUnternehmensgruppe WILMS\u201c. So ist Vierschgens schon lange auch \u00fcber seine Familie mit dem Unternehmen verbunden.<\/p>\n<p>Im Laufe der Jahre entwickelten sich sowohl das Unternehmen, das mehrfach expandierte, als auch das T\u00e4tigkeitsfeld von Vierschgens stetig weiter: Als Gruppenleiter betreut er heute die Staplerfahrer im Bereich der Handelswaren-Kommissionierung. Weiterhin ist er zust\u00e4ndig f\u00fcr die permanente Lagerlaufoptimierung der Sortimente und die Abwicklung des Saisongesch\u00e4ftes. Vierschgens ist zudem Sicherheitsbeauftragter im Unternehmen.<\/p>\n<p>In 25 Jahren Betriebszugeh\u00f6rigkeit hat sich Vierschgens zu einem Fachmann f\u00fcr das WILMS-Sortiment entwickelt: \u201eDetlef Vierschgens ist der Mann mit den umfassendsten Artikelkenntnissen in unserem Hause\u201c, so Gerdamarie Feemers, Vorsitzende der Gesch\u00e4ftsf\u00fchrung. \u201eZudem ist er absolut loyal \u2013 ein solcher Mitarbeiter ist f\u00fcr unser Unternehmen von unsch\u00e4tzbarem Wert.\u201c<\/p>\n<p>Im Rahmen einer Feierstunde bedankt sich die Gesch\u00e4ftsf\u00fchrung beim Jubilar f\u00fcr seine langj\u00e4hrige Treue und sein Engagement.<\/p>\n<p>Niederkr\u00fcchten, M\u00e4rz 2011<\/p>\n<p>Kontakt:<br \/>\nRuth Witteler-Koch<br \/>\nPresse<br \/>\nUnternehmensgruppe WILMS<br \/>\nSohlweg 2<br \/>\nD-41372 Niederkr\u00fcchten<br \/>\nT +49 (0)2163 8987-69<br \/>\nF +49 (0)2163 8987-29<br \/>\n<a href=\"mailto:presse@wilms-tks.de\">presse@wilms-tks.de<\/a><br \/>\n<a href=\"https:\/\/www.wilms-tks.de\">www.wilms-tks.de<\/a><br \/>\n<a href=\"https:\/\/www.wilms-gruppe.de\">www.wilms-gruppe.de<\/a><\/p>\n","protected":false},"excerpt":{"rendered":"<p>Detlef Vierschgens (46), gelernter KFZ-Mechaniker, begann seine T\u00e4tigkeit am 1. April 1986 im Unternehmen mit fr\u00fcherem Sitz in Wegberg-Arsbeck, das damals noch Heinrich Nolten sen. oHG hie\u00df. Vierschgens war zun\u00e4chst als Mitarbeiter im Lagerbereich besch\u00e4ftigt. Schon Vierschgens Vater war \u00fcber mehrere Jahrzehnte f\u00fcr die Familie&#8230;<\/p>\n","protected":false},"author":1,"featured_media":0,"comment_status":"open","ping_status":"open","sticky":false,"template":"","format":"standard","meta":{"footnotes":""},"categories":[334],"tags":[],"class_list":["post-22362","post","type-post","status-publish","format-standard","hentry","category-pressearchiv-en"],"yoast_head":"<!-- This site is optimized with the Yoast SEO plugin v27.0 - https:\/\/yoast.com\/product\/yoast-seo-wordpress\/ -->\n<title>Unternehmensgruppe WILMS - WILMS Tiefk\u00fchl-Service &amp; WILMS Transport GmbH - Warehouse logistics services Temperature-controlled transport 25 jahre bei WILMS Tiefk\u00fchl-Service: Niederkr\u00fcchtener Unternehmen ehrt Mitarbeiter<\/title>\n<meta name=\"description\" content=\"Unternehmensgruppe WILMS: WILMS Tiefk\u00fchl-Service &amp; WILMS Transport GmbH - Warehouse logistics services Temperature-controlled transport 25 jahre bei WILMS Tiefk\u00fchl-Service: Niederkr\u00fcchtener Unternehmen ehrt Mitarbeiter\" \/>\n<meta name=\"robots\" content=\"index, follow, max-snippet:-1, max-image-preview:large, max-video-preview:-1\" \/>\n<link rel=\"canonical\" href=\"https:\/\/www.wilms-gruppe.de\/en\/25-jahre-bei-wilms-tiefkuehl-service-niederkruechtener-unternehmen-ehrt-mitarbeiter\/\" \/>\n<meta property=\"og:locale\" content=\"en_US\" \/>\n<meta property=\"og:type\" content=\"article\" \/>\n<meta property=\"og:title\" content=\"Unternehmensgruppe WILMS - WILMS Tiefk\u00fchl-Service &amp; WILMS Transport GmbH - Warehouse logistics services Temperature-controlled transport 25 jahre bei WILMS Tiefk\u00fchl-Service: Niederkr\u00fcchtener Unternehmen ehrt Mitarbeiter\" \/>\n<meta property=\"og:description\" content=\"Unternehmensgruppe WILMS: WILMS Tiefk\u00fchl-Service &amp; WILMS Transport GmbH - Warehouse logistics services Temperature-controlled transport 25 jahre bei WILMS Tiefk\u00fchl-Service: Niederkr\u00fcchtener Unternehmen ehrt Mitarbeiter\" \/>\n<meta property=\"og:url\" content=\"https:\/\/www.wilms-gruppe.de\/en\/25-jahre-bei-wilms-tiefkuehl-service-niederkruechtener-unternehmen-ehrt-mitarbeiter\/\" \/>\n<meta property=\"og:site_name\" content=\"Unternehmensgruppe WILMS\" \/>\n<meta property=\"article:published_time\" content=\"2019-07-05T14:33:11+00:00\" \/>\n<meta name=\"author\" content=\"WILMS Gruppe\" \/>\n<meta name=\"twitter:card\" content=\"summary_large_image\" \/>\n<meta name=\"twitter:label1\" content=\"Written by\" \/>\n\t<meta name=\"twitter:data1\" content=\"WILMS Gruppe\" \/>\n\t<meta name=\"twitter:label2\" content=\"Est. reading time\" \/>\n\t<meta name=\"twitter:data2\" content=\"1 minute\" \/>\n<script type=\"application\/ld+json\" class=\"yoast-schema-graph\">{\"@context\":\"https:\/\/schema.org\",\"@graph\":[{\"@type\":\"Article\",\"@id\":\"https:\/\/www.wilms-gruppe.de\/en\/25-jahre-bei-wilms-tiefkuehl-service-niederkruechtener-unternehmen-ehrt-mitarbeiter\/#article\",\"isPartOf\":{\"@id\":\"https:\/\/www.wilms-gruppe.de\/en\/25-jahre-bei-wilms-tiefkuehl-service-niederkruechtener-unternehmen-ehrt-mitarbeiter\/\"},\"author\":{\"name\":\"WILMS Gruppe\",\"@id\":\"https:\/\/www.wilms-gruppe.de\/en\/#\/schema\/person\/28f4c14e754cfd9aec466fd3da910c8a\"},\"headline\":\"25 jahre bei WILMS Tiefk\u00fchl-Service: Niederkr\u00fcchtener Unternehmen ehrt Mitarbeiter\",\"datePublished\":\"2019-07-05T14:33:11+00:00\",\"mainEntityOfPage\":{\"@id\":\"https:\/\/www.wilms-gruppe.de\/en\/25-jahre-bei-wilms-tiefkuehl-service-niederkruechtener-unternehmen-ehrt-mitarbeiter\/\"},\"wordCount\":243,\"commentCount\":0,\"publisher\":{\"@id\":\"https:\/\/www.wilms-gruppe.de\/en\/#organization\"},\"articleSection\":[\"Pressearchiv\"],\"inLanguage\":\"en-US\"},{\"@type\":\"WebPage\",\"@id\":\"https:\/\/www.wilms-gruppe.de\/en\/25-jahre-bei-wilms-tiefkuehl-service-niederkruechtener-unternehmen-ehrt-mitarbeiter\/\",\"url\":\"https:\/\/www.wilms-gruppe.de\/en\/25-jahre-bei-wilms-tiefkuehl-service-niederkruechtener-unternehmen-ehrt-mitarbeiter\/\",\"name\":\"Unternehmensgruppe WILMS - WILMS Tiefk\u00fchl-Service & WILMS Transport GmbH - Warehouse logistics services Temperature-controlled transport 25 jahre bei WILMS Tiefk\u00fchl-Service: Niederkr\u00fcchtener Unternehmen ehrt Mitarbeiter\",\"isPartOf\":{\"@id\":\"https:\/\/www.wilms-gruppe.de\/en\/#website\"},\"datePublished\":\"2019-07-05T14:33:11+00:00\",\"description\":\"Unternehmensgruppe WILMS: WILMS Tiefk\u00fchl-Service & WILMS Transport GmbH - Warehouse logistics services Temperature-controlled transport 25 jahre bei WILMS Tiefk\u00fchl-Service: Niederkr\u00fcchtener Unternehmen ehrt Mitarbeiter\",\"breadcrumb\":{\"@id\":\"https:\/\/www.wilms-gruppe.de\/en\/25-jahre-bei-wilms-tiefkuehl-service-niederkruechtener-unternehmen-ehrt-mitarbeiter\/#breadcrumb\"},\"inLanguage\":\"en-US\",\"potentialAction\":[{\"@type\":\"ReadAction\",\"target\":[\"https:\/\/www.wilms-gruppe.de\/en\/25-jahre-bei-wilms-tiefkuehl-service-niederkruechtener-unternehmen-ehrt-mitarbeiter\/\"]}]},{\"@type\":\"BreadcrumbList\",\"@id\":\"https:\/\/www.wilms-gruppe.de\/en\/25-jahre-bei-wilms-tiefkuehl-service-niederkruechtener-unternehmen-ehrt-mitarbeiter\/#breadcrumb\",\"itemListElement\":[{\"@type\":\"ListItem\",\"position\":1,\"name\":\"Home\",\"item\":\"https:\/\/www.wilms-gruppe.de\/en\/\"},{\"@type\":\"ListItem\",\"position\":2,\"name\":\"25 jahre bei WILMS Tiefk\u00fchl-Service: Niederkr\u00fcchtener Unternehmen ehrt Mitarbeiter\"}]},{\"@type\":\"WebSite\",\"@id\":\"https:\/\/www.wilms-gruppe.de\/en\/#website\",\"url\":\"https:\/\/www.wilms-gruppe.de\/en\/\",\"name\":\"Unternehmensgruppe WILMS\",\"description\":\"\",\"publisher\":{\"@id\":\"https:\/\/www.wilms-gruppe.de\/en\/#organization\"},\"potentialAction\":[{\"@type\":\"SearchAction\",\"target\":{\"@type\":\"EntryPoint\",\"urlTemplate\":\"https:\/\/www.wilms-gruppe.de\/en\/?s={search_term_string}\"},\"query-input\":{\"@type\":\"PropertyValueSpecification\",\"valueRequired\":true,\"valueName\":\"search_term_string\"}}],\"inLanguage\":\"en-US\"},{\"@type\":\"Organization\",\"@id\":\"https:\/\/www.wilms-gruppe.de\/en\/#organization\",\"name\":\"WILMS Group\",\"url\":\"https:\/\/www.wilms-gruppe.de\/en\/\",\"logo\":{\"@type\":\"ImageObject\",\"inLanguage\":\"en-US\",\"@id\":\"https:\/\/www.wilms-gruppe.de\/en\/#\/schema\/logo\/image\/\",\"url\":\"https:\/\/www.wilms-gruppe.de\/wp-content\/uploads\/2019\/12\/logo_wilms_transport_klein.png\",\"contentUrl\":\"https:\/\/www.wilms-gruppe.de\/wp-content\/uploads\/2019\/12\/logo_wilms_transport_klein.png\",\"width\":194,\"height\":49,\"caption\":\"WILMS Group\"},\"image\":{\"@id\":\"https:\/\/www.wilms-gruppe.de\/en\/#\/schema\/logo\/image\/\"}},{\"@type\":\"Person\",\"@id\":\"https:\/\/www.wilms-gruppe.de\/en\/#\/schema\/person\/28f4c14e754cfd9aec466fd3da910c8a\",\"name\":\"WILMS Gruppe\",\"image\":{\"@type\":\"ImageObject\",\"inLanguage\":\"en-US\",\"@id\":\"https:\/\/www.wilms-gruppe.de\/en\/#\/schema\/person\/image\/\",\"url\":\"https:\/\/secure.gravatar.com\/avatar\/8a122b4b5a36c24f5a457607c614b03adea035bb26ada6b0df26aa355a776ac5?s=96&d=mm&r=g\",\"contentUrl\":\"https:\/\/secure.gravatar.com\/avatar\/8a122b4b5a36c24f5a457607c614b03adea035bb26ada6b0df26aa355a776ac5?s=96&d=mm&r=g\",\"caption\":\"WILMS Gruppe\"}}]}<\/script>\n<!-- \/ Yoast SEO plugin. -->","yoast_head_json":{"title":"Unternehmensgruppe WILMS - WILMS Tiefk\u00fchl-Service & WILMS Transport GmbH - Warehouse logistics services Temperature-controlled transport 25 jahre bei WILMS Tiefk\u00fchl-Service: Niederkr\u00fcchtener Unternehmen ehrt Mitarbeiter","description":"Unternehmensgruppe WILMS: WILMS Tiefk\u00fchl-Service & WILMS Transport GmbH - Warehouse logistics services Temperature-controlled transport 25 jahre bei WILMS Tiefk\u00fchl-Service: Niederkr\u00fcchtener Unternehmen ehrt Mitarbeiter","robots":{"index":"index","follow":"follow","max-snippet":"max-snippet:-1","max-image-preview":"max-image-preview:large","max-video-preview":"max-video-preview:-1"},"canonical":"https:\/\/www.wilms-gruppe.de\/en\/25-jahre-bei-wilms-tiefkuehl-service-niederkruechtener-unternehmen-ehrt-mitarbeiter\/","og_locale":"en_US","og_type":"article","og_title":"Unternehmensgruppe WILMS - WILMS Tiefk\u00fchl-Service & WILMS Transport GmbH - Warehouse logistics services Temperature-controlled transport 25 jahre bei WILMS Tiefk\u00fchl-Service: Niederkr\u00fcchtener Unternehmen ehrt Mitarbeiter","og_description":"Unternehmensgruppe WILMS: WILMS Tiefk\u00fchl-Service & WILMS Transport GmbH - Warehouse logistics services Temperature-controlled transport 25 jahre bei WILMS Tiefk\u00fchl-Service: Niederkr\u00fcchtener Unternehmen ehrt Mitarbeiter","og_url":"https:\/\/www.wilms-gruppe.de\/en\/25-jahre-bei-wilms-tiefkuehl-service-niederkruechtener-unternehmen-ehrt-mitarbeiter\/","og_site_name":"Unternehmensgruppe WILMS","article_published_time":"2019-07-05T14:33:11+00:00","author":"WILMS Gruppe","twitter_card":"summary_large_image","twitter_misc":{"Written by":"WILMS Gruppe","Est. reading time":"1 minute"},"schema":{"@context":"https:\/\/schema.org","@graph":[{"@type":"Article","@id":"https:\/\/www.wilms-gruppe.de\/en\/25-jahre-bei-wilms-tiefkuehl-service-niederkruechtener-unternehmen-ehrt-mitarbeiter\/#article","isPartOf":{"@id":"https:\/\/www.wilms-gruppe.de\/en\/25-jahre-bei-wilms-tiefkuehl-service-niederkruechtener-unternehmen-ehrt-mitarbeiter\/"},"author":{"name":"WILMS Gruppe","@id":"https:\/\/www.wilms-gruppe.de\/en\/#\/schema\/person\/28f4c14e754cfd9aec466fd3da910c8a"},"headline":"25 jahre bei WILMS Tiefk\u00fchl-Service: Niederkr\u00fcchtener Unternehmen ehrt Mitarbeiter","datePublished":"2019-07-05T14:33:11+00:00","mainEntityOfPage":{"@id":"https:\/\/www.wilms-gruppe.de\/en\/25-jahre-bei-wilms-tiefkuehl-service-niederkruechtener-unternehmen-ehrt-mitarbeiter\/"},"wordCount":243,"commentCount":0,"publisher":{"@id":"https:\/\/www.wilms-gruppe.de\/en\/#organization"},"articleSection":["Pressearchiv"],"inLanguage":"en-US"},{"@type":"WebPage","@id":"https:\/\/www.wilms-gruppe.de\/en\/25-jahre-bei-wilms-tiefkuehl-service-niederkruechtener-unternehmen-ehrt-mitarbeiter\/","url":"https:\/\/www.wilms-gruppe.de\/en\/25-jahre-bei-wilms-tiefkuehl-service-niederkruechtener-unternehmen-ehrt-mitarbeiter\/","name":"Unternehmensgruppe WILMS - WILMS Tiefk\u00fchl-Service & WILMS Transport GmbH - Warehouse logistics services Temperature-controlled transport 25 jahre bei WILMS Tiefk\u00fchl-Service: Niederkr\u00fcchtener Unternehmen ehrt Mitarbeiter","isPartOf":{"@id":"https:\/\/www.wilms-gruppe.de\/en\/#website"},"datePublished":"2019-07-05T14:33:11+00:00","description":"Unternehmensgruppe WILMS: WILMS Tiefk\u00fchl-Service & WILMS Transport GmbH - Warehouse logistics services Temperature-controlled transport 25 jahre bei WILMS Tiefk\u00fchl-Service: Niederkr\u00fcchtener Unternehmen ehrt Mitarbeiter","breadcrumb":{"@id":"https:\/\/www.wilms-gruppe.de\/en\/25-jahre-bei-wilms-tiefkuehl-service-niederkruechtener-unternehmen-ehrt-mitarbeiter\/#breadcrumb"},"inLanguage":"en-US","potentialAction":[{"@type":"ReadAction","target":["https:\/\/www.wilms-gruppe.de\/en\/25-jahre-bei-wilms-tiefkuehl-service-niederkruechtener-unternehmen-ehrt-mitarbeiter\/"]}]},{"@type":"BreadcrumbList","@id":"https:\/\/www.wilms-gruppe.de\/en\/25-jahre-bei-wilms-tiefkuehl-service-niederkruechtener-unternehmen-ehrt-mitarbeiter\/#breadcrumb","itemListElement":[{"@type":"ListItem","position":1,"name":"Home","item":"https:\/\/www.wilms-gruppe.de\/en\/"},{"@type":"ListItem","position":2,"name":"25 jahre bei WILMS Tiefk\u00fchl-Service: Niederkr\u00fcchtener Unternehmen ehrt Mitarbeiter"}]},{"@type":"WebSite","@id":"https:\/\/www.wilms-gruppe.de\/en\/#website","url":"https:\/\/www.wilms-gruppe.de\/en\/","name":"Unternehmensgruppe WILMS","description":"","publisher":{"@id":"https:\/\/www.wilms-gruppe.de\/en\/#organization"},"potentialAction":[{"@type":"SearchAction","target":{"@type":"EntryPoint","urlTemplate":"https:\/\/www.wilms-gruppe.de\/en\/?s={search_term_string}"},"query-input":{"@type":"PropertyValueSpecification","valueRequired":true,"valueName":"search_term_string"}}],"inLanguage":"en-US"},{"@type":"Organization","@id":"https:\/\/www.wilms-gruppe.de\/en\/#organization","name":"WILMS Group","url":"https:\/\/www.wilms-gruppe.de\/en\/","logo":{"@type":"ImageObject","inLanguage":"en-US","@id":"https:\/\/www.wilms-gruppe.de\/en\/#\/schema\/logo\/image\/","url":"https:\/\/www.wilms-gruppe.de\/wp-content\/uploads\/2019\/12\/logo_wilms_transport_klein.png","contentUrl":"https:\/\/www.wilms-gruppe.de\/wp-content\/uploads\/2019\/12\/logo_wilms_transport_klein.png","width":194,"height":49,"caption":"WILMS Group"},"image":{"@id":"https:\/\/www.wilms-gruppe.de\/en\/#\/schema\/logo\/image\/"}},{"@type":"Person","@id":"https:\/\/www.wilms-gruppe.de\/en\/#\/schema\/person\/28f4c14e754cfd9aec466fd3da910c8a","name":"WILMS Gruppe","image":{"@type":"ImageObject","inLanguage":"en-US","@id":"https:\/\/www.wilms-gruppe.de\/en\/#\/schema\/person\/image\/","url":"https:\/\/secure.gravatar.com\/avatar\/8a122b4b5a36c24f5a457607c614b03adea035bb26ada6b0df26aa355a776ac5?s=96&d=mm&r=g","contentUrl":"https:\/\/secure.gravatar.com\/avatar\/8a122b4b5a36c24f5a457607c614b03adea035bb26ada6b0df26aa355a776ac5?s=96&d=mm&r=g","caption":"WILMS Gruppe"}}]}},"_links":{"self":[{"href":"https:\/\/www.wilms-gruppe.de\/en\/wp-json\/wp\/v2\/posts\/22362","targetHints":{"allow":["GET"]}}],"collection":[{"href":"https:\/\/www.wilms-gruppe.de\/en\/wp-json\/wp\/v2\/posts"}],"about":[{"href":"https:\/\/www.wilms-gruppe.de\/en\/wp-json\/wp\/v2\/types\/post"}],"author":[{"embeddable":true,"href":"https:\/\/www.wilms-gruppe.de\/en\/wp-json\/wp\/v2\/users\/1"}],"replies":[{"embeddable":true,"href":"https:\/\/www.wilms-gruppe.de\/en\/wp-json\/wp\/v2\/comments?post=22362"}],"version-history":[{"count":0,"href":"https:\/\/www.wilms-gruppe.de\/en\/wp-json\/wp\/v2\/posts\/22362\/revisions"}],"wp:attachment":[{"href":"https:\/\/www.wilms-gruppe.de\/en\/wp-json\/wp\/v2\/media?parent=22362"}],"wp:term":[{"taxonomy":"category","embeddable":true,"href":"https:\/\/www.wilms-gruppe.de\/en\/wp-json\/wp\/v2\/categories?post=22362"},{"taxonomy":"post_tag","embeddable":true,"href":"https:\/\/www.wilms-gruppe.de\/en\/wp-json\/wp\/v2\/tags?post=22362"}],"curies":[{"name":"wp","href":"https:\/\/api.w.org\/{rel}","templated":true}]}}