{"id":22361,"date":"2019-07-05T16:33:10","date_gmt":"2019-07-05T14:33:10","guid":{"rendered":"http:\/\/wordpress.wilms-tks.de\/wilms-tiefkuehl-service-informierte-am-tag-der-logistik-ueber-ausbildungsmoeglichkeiten\/"},"modified":"2019-07-05T16:33:10","modified_gmt":"2019-07-05T14:33:10","slug":"wilms-tiefkuehl-service-informierte-am-tag-der-logistik-ueber-ausbildungsmoeglichkeiten","status":"publish","type":"post","link":"https:\/\/www.wilms-gruppe.de\/en\/wilms-tiefkuehl-service-informierte-am-tag-der-logistik-ueber-ausbildungsmoeglichkeiten\/","title":{"rendered":"Wilms Tiefk\u00fchl-Service informierte am \u201eTag der Logistik\u201c \u00fcber Ausbildungsm\u00f6glichkeiten"},"content":{"rendered":"<p>Auch die Unternehmensgruppe WILMS (TKS) in Niederkr\u00fcchten\/Kreis Viersen beteiligte sich mit einem Programm am Tag der Logistik. In zwei Gruppen konnten vormittags und auch am Nachmittag Sch\u00fcler der Haupt- und Realschulen Einblick in die Unternehmensabl\u00e4ufe nehmen.<\/p>\n<p>19 Sch\u00fclerinnen und Sch\u00fcler nahmen insgesamt an der Veranstaltung bei der TKS teil. Das Handels- und Logistikunternehmen informierte sie \u00fcber die M\u00f6glichkeiten der Berufsausbildung in der Lagerlogistik und stellte die unterschiedlichen Arbeitsbereiche im K\u00fchl- und Tiefk\u00fchllager vor. Im Rahmen einer Betriebsbesichtigung konnten die Sch\u00fclerinnen und Sch\u00fcler einen Einblick in die vielf\u00e4ltigen T\u00e4tigkeitsbereiche in der Lagerlogistik erhalten.<\/p>\n<p>Bei der TKS hat die Ausbildung junger Menschen Tradition: Das mittelst\u00e4ndische Unternehmen bildet regelm\u00e4\u00dfig in den Berufen Kaufmann\/-frau f\u00fcr Gro\u00df- und Au\u00dfenhandel, Fachkraft f\u00fcr Lagerlogistik sowie Fachlagerist\/-in aus. F\u00fcr die Ausbildungsberufe im Bereich der Lagerlogistik sucht das Unternehmen noch Azubis f\u00fcr das kommende und das n\u00e4chste Ausbildungsjahr.<\/p>\n<p>F\u00fcr die TKS war die Teilnahme am \u201eTag der Logistik\u201c eine Premiere: \u201eWir sind sehr zufrieden mit der positiven Resonanz und dem Verlauf unserer Veranstaltung\u201c, so der gesch\u00e4ftsf\u00fchrende Gesellschafter Armin Feemers.<\/p>\n<p>Niederkr\u00fcchten, April 2011<\/p>\n<p>Kontakt:<br \/>\nRuth Witteler-Koch<br \/>\nPresse<br \/>\nUnternehmensgruppe WILMS<br \/>\nSohlweg 2<br \/>\nD-41372 Niederkr\u00fcchten<br \/>\nT +49 (0)2163 8987-69<br \/>\nF +49 (0)2163 8987-29<br \/>\n<a href=\"mailto:presse@wilms-tks.de\">presse@wilms-tks.de<\/a><br \/>\n<a href=\"https:\/\/www.wilms-tks.de\">www.wilms-tks.de<\/a><br \/>\n<a href=\"https:\/\/www.wilms-gruppe.de\">www.wilms-gruppe.de<\/a><\/p>\n","protected":false},"excerpt":{"rendered":"<p>Auch die Unternehmensgruppe WILMS (TKS) in Niederkr\u00fcchten\/Kreis Viersen beteiligte sich mit einem Programm am Tag der Logistik. In zwei Gruppen konnten vormittags und auch am Nachmittag Sch\u00fcler der Haupt- und Realschulen Einblick in die Unternehmensabl\u00e4ufe nehmen. 19 Sch\u00fclerinnen und Sch\u00fcler nahmen insgesamt an der Veranstaltung&#8230;<\/p>\n","protected":false},"author":1,"featured_media":0,"comment_status":"open","ping_status":"open","sticky":false,"template":"","format":"standard","meta":{"footnotes":""},"categories":[334],"tags":[],"class_list":["post-22361","post","type-post","status-publish","format-standard","hentry","category-pressearchiv-en"],"yoast_head":"<!-- This site is optimized with the Yoast SEO plugin v27.0 - https:\/\/yoast.com\/product\/yoast-seo-wordpress\/ -->\n<title>Unternehmensgruppe WILMS - WILMS Tiefk\u00fchl-Service &amp; WILMS Transport GmbH - Warehouse logistics services Temperature-controlled transport Wilms Tiefk\u00fchl-Service informierte am \u201eTag der Logistik\u201c \u00fcber Ausbildungsm\u00f6glichkeiten<\/title>\n<meta name=\"description\" content=\"Unternehmensgruppe WILMS: WILMS Tiefk\u00fchl-Service &amp; WILMS Transport GmbH - Warehouse logistics services Temperature-controlled transport Wilms Tiefk\u00fchl-Service informierte am \u201eTag der Logistik\u201c \u00fcber Ausbildungsm\u00f6glichkeiten\" \/>\n<meta name=\"robots\" content=\"index, follow, max-snippet:-1, max-image-preview:large, max-video-preview:-1\" \/>\n<link rel=\"canonical\" href=\"https:\/\/www.wilms-gruppe.de\/en\/wilms-tiefkuehl-service-informierte-am-tag-der-logistik-ueber-ausbildungsmoeglichkeiten\/\" \/>\n<meta property=\"og:locale\" content=\"en_US\" \/>\n<meta property=\"og:type\" content=\"article\" \/>\n<meta property=\"og:title\" content=\"Unternehmensgruppe WILMS - WILMS Tiefk\u00fchl-Service &amp; WILMS Transport GmbH - Warehouse logistics services Temperature-controlled transport Wilms Tiefk\u00fchl-Service informierte am \u201eTag der Logistik\u201c \u00fcber Ausbildungsm\u00f6glichkeiten\" \/>\n<meta property=\"og:description\" content=\"Unternehmensgruppe WILMS: WILMS Tiefk\u00fchl-Service &amp; WILMS Transport GmbH - Warehouse logistics services Temperature-controlled transport Wilms Tiefk\u00fchl-Service informierte am \u201eTag der Logistik\u201c \u00fcber Ausbildungsm\u00f6glichkeiten\" \/>\n<meta property=\"og:url\" content=\"https:\/\/www.wilms-gruppe.de\/en\/wilms-tiefkuehl-service-informierte-am-tag-der-logistik-ueber-ausbildungsmoeglichkeiten\/\" \/>\n<meta property=\"og:site_name\" content=\"Unternehmensgruppe WILMS\" \/>\n<meta property=\"article:published_time\" content=\"2019-07-05T14:33:10+00:00\" \/>\n<meta name=\"author\" content=\"WILMS Gruppe\" \/>\n<meta name=\"twitter:card\" content=\"summary_large_image\" \/>\n<meta name=\"twitter:label1\" content=\"Written by\" \/>\n\t<meta name=\"twitter:data1\" content=\"WILMS Gruppe\" \/>\n\t<meta name=\"twitter:label2\" content=\"Est. reading time\" \/>\n\t<meta name=\"twitter:data2\" content=\"1 minute\" \/>\n<script type=\"application\/ld+json\" class=\"yoast-schema-graph\">{\"@context\":\"https:\/\/schema.org\",\"@graph\":[{\"@type\":\"Article\",\"@id\":\"https:\/\/www.wilms-gruppe.de\/en\/wilms-tiefkuehl-service-informierte-am-tag-der-logistik-ueber-ausbildungsmoeglichkeiten\/#article\",\"isPartOf\":{\"@id\":\"https:\/\/www.wilms-gruppe.de\/en\/wilms-tiefkuehl-service-informierte-am-tag-der-logistik-ueber-ausbildungsmoeglichkeiten\/\"},\"author\":{\"name\":\"WILMS Gruppe\",\"@id\":\"https:\/\/www.wilms-gruppe.de\/en\/#\/schema\/person\/28f4c14e754cfd9aec466fd3da910c8a\"},\"headline\":\"Wilms Tiefk\u00fchl-Service informierte am \u201eTag der Logistik\u201c \u00fcber Ausbildungsm\u00f6glichkeiten\",\"datePublished\":\"2019-07-05T14:33:10+00:00\",\"mainEntityOfPage\":{\"@id\":\"https:\/\/www.wilms-gruppe.de\/en\/wilms-tiefkuehl-service-informierte-am-tag-der-logistik-ueber-ausbildungsmoeglichkeiten\/\"},\"wordCount\":233,\"commentCount\":0,\"publisher\":{\"@id\":\"https:\/\/www.wilms-gruppe.de\/en\/#organization\"},\"articleSection\":[\"Pressearchiv\"],\"inLanguage\":\"en-US\"},{\"@type\":\"WebPage\",\"@id\":\"https:\/\/www.wilms-gruppe.de\/en\/wilms-tiefkuehl-service-informierte-am-tag-der-logistik-ueber-ausbildungsmoeglichkeiten\/\",\"url\":\"https:\/\/www.wilms-gruppe.de\/en\/wilms-tiefkuehl-service-informierte-am-tag-der-logistik-ueber-ausbildungsmoeglichkeiten\/\",\"name\":\"Unternehmensgruppe WILMS - WILMS Tiefk\u00fchl-Service & WILMS Transport GmbH - Warehouse logistics services Temperature-controlled transport Wilms Tiefk\u00fchl-Service informierte am \u201eTag der Logistik\u201c \u00fcber Ausbildungsm\u00f6glichkeiten\",\"isPartOf\":{\"@id\":\"https:\/\/www.wilms-gruppe.de\/en\/#website\"},\"datePublished\":\"2019-07-05T14:33:10+00:00\",\"description\":\"Unternehmensgruppe WILMS: WILMS Tiefk\u00fchl-Service & WILMS Transport GmbH - Warehouse logistics services Temperature-controlled transport Wilms Tiefk\u00fchl-Service informierte am \u201eTag der Logistik\u201c \u00fcber Ausbildungsm\u00f6glichkeiten\",\"breadcrumb\":{\"@id\":\"https:\/\/www.wilms-gruppe.de\/en\/wilms-tiefkuehl-service-informierte-am-tag-der-logistik-ueber-ausbildungsmoeglichkeiten\/#breadcrumb\"},\"inLanguage\":\"en-US\",\"potentialAction\":[{\"@type\":\"ReadAction\",\"target\":[\"https:\/\/www.wilms-gruppe.de\/en\/wilms-tiefkuehl-service-informierte-am-tag-der-logistik-ueber-ausbildungsmoeglichkeiten\/\"]}]},{\"@type\":\"BreadcrumbList\",\"@id\":\"https:\/\/www.wilms-gruppe.de\/en\/wilms-tiefkuehl-service-informierte-am-tag-der-logistik-ueber-ausbildungsmoeglichkeiten\/#breadcrumb\",\"itemListElement\":[{\"@type\":\"ListItem\",\"position\":1,\"name\":\"Home\",\"item\":\"https:\/\/www.wilms-gruppe.de\/en\/\"},{\"@type\":\"ListItem\",\"position\":2,\"name\":\"Wilms Tiefk\u00fchl-Service informierte am \u201eTag der Logistik\u201c \u00fcber Ausbildungsm\u00f6glichkeiten\"}]},{\"@type\":\"WebSite\",\"@id\":\"https:\/\/www.wilms-gruppe.de\/en\/#website\",\"url\":\"https:\/\/www.wilms-gruppe.de\/en\/\",\"name\":\"Unternehmensgruppe WILMS\",\"description\":\"\",\"publisher\":{\"@id\":\"https:\/\/www.wilms-gruppe.de\/en\/#organization\"},\"potentialAction\":[{\"@type\":\"SearchAction\",\"target\":{\"@type\":\"EntryPoint\",\"urlTemplate\":\"https:\/\/www.wilms-gruppe.de\/en\/?s={search_term_string}\"},\"query-input\":{\"@type\":\"PropertyValueSpecification\",\"valueRequired\":true,\"valueName\":\"search_term_string\"}}],\"inLanguage\":\"en-US\"},{\"@type\":\"Organization\",\"@id\":\"https:\/\/www.wilms-gruppe.de\/en\/#organization\",\"name\":\"WILMS Group\",\"url\":\"https:\/\/www.wilms-gruppe.de\/en\/\",\"logo\":{\"@type\":\"ImageObject\",\"inLanguage\":\"en-US\",\"@id\":\"https:\/\/www.wilms-gruppe.de\/en\/#\/schema\/logo\/image\/\",\"url\":\"https:\/\/www.wilms-gruppe.de\/wp-content\/uploads\/2019\/12\/logo_wilms_transport_klein.png\",\"contentUrl\":\"https:\/\/www.wilms-gruppe.de\/wp-content\/uploads\/2019\/12\/logo_wilms_transport_klein.png\",\"width\":194,\"height\":49,\"caption\":\"WILMS Group\"},\"image\":{\"@id\":\"https:\/\/www.wilms-gruppe.de\/en\/#\/schema\/logo\/image\/\"}},{\"@type\":\"Person\",\"@id\":\"https:\/\/www.wilms-gruppe.de\/en\/#\/schema\/person\/28f4c14e754cfd9aec466fd3da910c8a\",\"name\":\"WILMS Gruppe\",\"image\":{\"@type\":\"ImageObject\",\"inLanguage\":\"en-US\",\"@id\":\"https:\/\/www.wilms-gruppe.de\/en\/#\/schema\/person\/image\/\",\"url\":\"https:\/\/secure.gravatar.com\/avatar\/8a122b4b5a36c24f5a457607c614b03adea035bb26ada6b0df26aa355a776ac5?s=96&d=mm&r=g\",\"contentUrl\":\"https:\/\/secure.gravatar.com\/avatar\/8a122b4b5a36c24f5a457607c614b03adea035bb26ada6b0df26aa355a776ac5?s=96&d=mm&r=g\",\"caption\":\"WILMS Gruppe\"}}]}<\/script>\n<!-- \/ Yoast SEO plugin. -->","yoast_head_json":{"title":"Unternehmensgruppe WILMS - WILMS Tiefk\u00fchl-Service & WILMS Transport GmbH - Warehouse logistics services Temperature-controlled transport Wilms Tiefk\u00fchl-Service informierte am \u201eTag der Logistik\u201c \u00fcber Ausbildungsm\u00f6glichkeiten","description":"Unternehmensgruppe WILMS: WILMS Tiefk\u00fchl-Service & WILMS Transport GmbH - Warehouse logistics services Temperature-controlled transport Wilms Tiefk\u00fchl-Service informierte am \u201eTag der Logistik\u201c \u00fcber Ausbildungsm\u00f6glichkeiten","robots":{"index":"index","follow":"follow","max-snippet":"max-snippet:-1","max-image-preview":"max-image-preview:large","max-video-preview":"max-video-preview:-1"},"canonical":"https:\/\/www.wilms-gruppe.de\/en\/wilms-tiefkuehl-service-informierte-am-tag-der-logistik-ueber-ausbildungsmoeglichkeiten\/","og_locale":"en_US","og_type":"article","og_title":"Unternehmensgruppe WILMS - WILMS Tiefk\u00fchl-Service & WILMS Transport GmbH - Warehouse logistics services Temperature-controlled transport Wilms Tiefk\u00fchl-Service informierte am \u201eTag der Logistik\u201c \u00fcber Ausbildungsm\u00f6glichkeiten","og_description":"Unternehmensgruppe WILMS: WILMS Tiefk\u00fchl-Service & WILMS Transport GmbH - Warehouse logistics services Temperature-controlled transport Wilms Tiefk\u00fchl-Service informierte am \u201eTag der Logistik\u201c \u00fcber Ausbildungsm\u00f6glichkeiten","og_url":"https:\/\/www.wilms-gruppe.de\/en\/wilms-tiefkuehl-service-informierte-am-tag-der-logistik-ueber-ausbildungsmoeglichkeiten\/","og_site_name":"Unternehmensgruppe WILMS","article_published_time":"2019-07-05T14:33:10+00:00","author":"WILMS Gruppe","twitter_card":"summary_large_image","twitter_misc":{"Written by":"WILMS Gruppe","Est. reading time":"1 minute"},"schema":{"@context":"https:\/\/schema.org","@graph":[{"@type":"Article","@id":"https:\/\/www.wilms-gruppe.de\/en\/wilms-tiefkuehl-service-informierte-am-tag-der-logistik-ueber-ausbildungsmoeglichkeiten\/#article","isPartOf":{"@id":"https:\/\/www.wilms-gruppe.de\/en\/wilms-tiefkuehl-service-informierte-am-tag-der-logistik-ueber-ausbildungsmoeglichkeiten\/"},"author":{"name":"WILMS Gruppe","@id":"https:\/\/www.wilms-gruppe.de\/en\/#\/schema\/person\/28f4c14e754cfd9aec466fd3da910c8a"},"headline":"Wilms Tiefk\u00fchl-Service informierte am \u201eTag der Logistik\u201c \u00fcber Ausbildungsm\u00f6glichkeiten","datePublished":"2019-07-05T14:33:10+00:00","mainEntityOfPage":{"@id":"https:\/\/www.wilms-gruppe.de\/en\/wilms-tiefkuehl-service-informierte-am-tag-der-logistik-ueber-ausbildungsmoeglichkeiten\/"},"wordCount":233,"commentCount":0,"publisher":{"@id":"https:\/\/www.wilms-gruppe.de\/en\/#organization"},"articleSection":["Pressearchiv"],"inLanguage":"en-US"},{"@type":"WebPage","@id":"https:\/\/www.wilms-gruppe.de\/en\/wilms-tiefkuehl-service-informierte-am-tag-der-logistik-ueber-ausbildungsmoeglichkeiten\/","url":"https:\/\/www.wilms-gruppe.de\/en\/wilms-tiefkuehl-service-informierte-am-tag-der-logistik-ueber-ausbildungsmoeglichkeiten\/","name":"Unternehmensgruppe WILMS - WILMS Tiefk\u00fchl-Service & WILMS Transport GmbH - Warehouse logistics services Temperature-controlled transport Wilms Tiefk\u00fchl-Service informierte am \u201eTag der Logistik\u201c \u00fcber Ausbildungsm\u00f6glichkeiten","isPartOf":{"@id":"https:\/\/www.wilms-gruppe.de\/en\/#website"},"datePublished":"2019-07-05T14:33:10+00:00","description":"Unternehmensgruppe WILMS: WILMS Tiefk\u00fchl-Service & WILMS Transport GmbH - Warehouse logistics services Temperature-controlled transport Wilms Tiefk\u00fchl-Service informierte am \u201eTag der Logistik\u201c \u00fcber Ausbildungsm\u00f6glichkeiten","breadcrumb":{"@id":"https:\/\/www.wilms-gruppe.de\/en\/wilms-tiefkuehl-service-informierte-am-tag-der-logistik-ueber-ausbildungsmoeglichkeiten\/#breadcrumb"},"inLanguage":"en-US","potentialAction":[{"@type":"ReadAction","target":["https:\/\/www.wilms-gruppe.de\/en\/wilms-tiefkuehl-service-informierte-am-tag-der-logistik-ueber-ausbildungsmoeglichkeiten\/"]}]},{"@type":"BreadcrumbList","@id":"https:\/\/www.wilms-gruppe.de\/en\/wilms-tiefkuehl-service-informierte-am-tag-der-logistik-ueber-ausbildungsmoeglichkeiten\/#breadcrumb","itemListElement":[{"@type":"ListItem","position":1,"name":"Home","item":"https:\/\/www.wilms-gruppe.de\/en\/"},{"@type":"ListItem","position":2,"name":"Wilms Tiefk\u00fchl-Service informierte am \u201eTag der Logistik\u201c \u00fcber Ausbildungsm\u00f6glichkeiten"}]},{"@type":"WebSite","@id":"https:\/\/www.wilms-gruppe.de\/en\/#website","url":"https:\/\/www.wilms-gruppe.de\/en\/","name":"Unternehmensgruppe WILMS","description":"","publisher":{"@id":"https:\/\/www.wilms-gruppe.de\/en\/#organization"},"potentialAction":[{"@type":"SearchAction","target":{"@type":"EntryPoint","urlTemplate":"https:\/\/www.wilms-gruppe.de\/en\/?s={search_term_string}"},"query-input":{"@type":"PropertyValueSpecification","valueRequired":true,"valueName":"search_term_string"}}],"inLanguage":"en-US"},{"@type":"Organization","@id":"https:\/\/www.wilms-gruppe.de\/en\/#organization","name":"WILMS Group","url":"https:\/\/www.wilms-gruppe.de\/en\/","logo":{"@type":"ImageObject","inLanguage":"en-US","@id":"https:\/\/www.wilms-gruppe.de\/en\/#\/schema\/logo\/image\/","url":"https:\/\/www.wilms-gruppe.de\/wp-content\/uploads\/2019\/12\/logo_wilms_transport_klein.png","contentUrl":"https:\/\/www.wilms-gruppe.de\/wp-content\/uploads\/2019\/12\/logo_wilms_transport_klein.png","width":194,"height":49,"caption":"WILMS Group"},"image":{"@id":"https:\/\/www.wilms-gruppe.de\/en\/#\/schema\/logo\/image\/"}},{"@type":"Person","@id":"https:\/\/www.wilms-gruppe.de\/en\/#\/schema\/person\/28f4c14e754cfd9aec466fd3da910c8a","name":"WILMS Gruppe","image":{"@type":"ImageObject","inLanguage":"en-US","@id":"https:\/\/www.wilms-gruppe.de\/en\/#\/schema\/person\/image\/","url":"https:\/\/secure.gravatar.com\/avatar\/8a122b4b5a36c24f5a457607c614b03adea035bb26ada6b0df26aa355a776ac5?s=96&d=mm&r=g","contentUrl":"https:\/\/secure.gravatar.com\/avatar\/8a122b4b5a36c24f5a457607c614b03adea035bb26ada6b0df26aa355a776ac5?s=96&d=mm&r=g","caption":"WILMS Gruppe"}}]}},"_links":{"self":[{"href":"https:\/\/www.wilms-gruppe.de\/en\/wp-json\/wp\/v2\/posts\/22361","targetHints":{"allow":["GET"]}}],"collection":[{"href":"https:\/\/www.wilms-gruppe.de\/en\/wp-json\/wp\/v2\/posts"}],"about":[{"href":"https:\/\/www.wilms-gruppe.de\/en\/wp-json\/wp\/v2\/types\/post"}],"author":[{"embeddable":true,"href":"https:\/\/www.wilms-gruppe.de\/en\/wp-json\/wp\/v2\/users\/1"}],"replies":[{"embeddable":true,"href":"https:\/\/www.wilms-gruppe.de\/en\/wp-json\/wp\/v2\/comments?post=22361"}],"version-history":[{"count":0,"href":"https:\/\/www.wilms-gruppe.de\/en\/wp-json\/wp\/v2\/posts\/22361\/revisions"}],"wp:attachment":[{"href":"https:\/\/www.wilms-gruppe.de\/en\/wp-json\/wp\/v2\/media?parent=22361"}],"wp:term":[{"taxonomy":"category","embeddable":true,"href":"https:\/\/www.wilms-gruppe.de\/en\/wp-json\/wp\/v2\/categories?post=22361"},{"taxonomy":"post_tag","embeddable":true,"href":"https:\/\/www.wilms-gruppe.de\/en\/wp-json\/wp\/v2\/tags?post=22361"}],"curies":[{"name":"wp","href":"https:\/\/api.w.org\/{rel}","templated":true}]}}