{"id":22360,"date":"2019-07-05T16:33:10","date_gmt":"2019-07-05T14:33:10","guid":{"rendered":"http:\/\/wordpress.wilms-tks.de\/20-jahre-wilms-tiefkuehl-service-gmbh\/"},"modified":"2019-07-05T16:33:10","modified_gmt":"2019-07-05T14:33:10","slug":"20-jahre-wilms-tiefkuehl-service-gmbh","status":"publish","type":"post","link":"https:\/\/www.wilms-gruppe.de\/en\/20-jahre-wilms-tiefkuehl-service-gmbh\/","title":{"rendered":"20 Jahre \u201eUnternehmensgruppe WILMS\u201c"},"content":{"rendered":"<p>Niederkr\u00fcchtener Unternehmen feiert \u201eNamenstag\u201c<\/p>\n<p>Die Unternehmensgruppe WILMS (TKS) feiert in diesen Tagen ein besonderes Jubil\u00e4um: Seit 20 Jahren tr\u00e4gt das Gro\u00dfhandels- und Logistikunternehmen den Namen \u201eUnternehmensgruppe WILMS\u201c.<\/p>\n<p>Die Geschichte, auf die das Traditionsunternehmen aus Niederkr\u00fcchten zur\u00fcckblicken kann, betr\u00e4gt jedoch weit mehr als 20 Jahre: Bereits 1916 wurde das Unternehmen als Handelsgesch\u00e4ft f\u00fcr Butter, Eier, K\u00e4se und Besen gegr\u00fcndet. Im Jahr 1931 erfolgte die Handelsregistereintragung unter dem Namen \u201eHeinrich Nolten sen.\u201c. 1948 wechselte die Firmierung zu \u201eHeinrich Nolten sen. oHG\u201c. Diesen Namen trug das Unternehmen bis zum 2. Oktober 1991, als es seinen heutigen Namen erhielt.<\/p>\n<p>Namensgeber der TKS waren die damaligen Eigent\u00fcmer der oHG, die Eheleute Margot und Stephan Wilms. 1992 erhielt Gerdamarie Feemers Einzelprokura und zum<br \/>\n1. Oktober 1993 avancierte sie neben den Eheleuten Wilms zur weiteren Gesch\u00e4ftsf\u00fchrerin. 1998 leiteten Margot und Stephan Wilms die Unternehmensnachfolge mit ihrem Sohn Markus Wilms und Armin Feemers als Gesellschafter ein. Armin Feemers ist der Sohn von Gerdamarie Feemers, der heutigen Vorsitzenden der Gesch\u00e4ftsf\u00fchrung der TKS. Markus Wilms und Armin Feemers sind seit 2007 Gesch\u00e4ftsf\u00fchrende Gesellschafter des Unternehmens.<\/p>\n<p>Die TKS ist ein inhabergef\u00fchrtes Gro\u00dfhandels- und Logistikunternehmen f\u00fcr temperaturgef\u00fchrte Lebensmittel und Waren. Deutschen und europ\u00e4ischen Kunden bietet das Unternehmen temperaturgef\u00fchrte Logistikdienstleistungen und Produkte in den Temperaturbereichen Tiefk\u00fchl, K\u00fchl\/Frisch und Trocken. Das mittelst\u00e4ndische Unternehmen verf\u00fcgt neben dem Hauptsitz in Niederkr\u00fcchten \u00fcber eine Niederlassung in Berlin. Weitere Lagerkapazit\u00e4ten werden in Willich und Viersen vorgehalten.<\/p>\n<p>Schwerpunkt im Handelsbereich sind der Ein- und Verkauf tiefgek\u00fchlter Lebensmittel, speziell Gefl\u00fcgel, und die Sortimentsberatung. Als Logistikdienstleister bietet die TKS innerhalb des Temperaturspektrums Tiefk\u00fchl, K\u00fchl\/Frisch und Trocken je nach Anforderung einzelne Funktionen der Lieferkette an bis hin zum integrierten Management der gesamten Supply Chain. Dabei schlie\u00dft dieses Spektrum Outsourcing-Projekte im Bereich der Lagerlogistik mit ein. Die TKS kann sich so sehr flexibel auf die individuelle Lagerung von Lebensmitteln in allen relevanten Temperaturbereichen zwischen minus 25 und plus 18 Grad Celsius entsprechend der Kundenanforderungen einstellen.<\/p>\n<p>Entsprechend vielschichtig ist die Kundenstruktur des Unternehmens, das schon Mitte der 60er Jahre zu den Pionieren im Tiefk\u00fchlbereich z\u00e4hlte und in den vergangenen Jahren stetig gewachsen ist: Der Lebensmittelhandel, Discounter, Gro\u00dfverbraucher, Warenh\u00e4user und Cash &amp; Carry M\u00e4rkte geh\u00f6ren ebenso dazu wie Lebensmittelproduzenten, Heimdienste, Systemgastronomie und die verarbeitende Industrie.<\/p>\n<p>Seit 2010 ist die WILMS Transport GmbH (WTR) f\u00fcr den Bereich Transport zust\u00e4ndig. Sie ist als Exklusivspediteur f\u00fcr die TKS t\u00e4tig und dar\u00fcber hinaus Partner f\u00fcr weitere Unternehmen aus dem Handel und\/oder der Industrie.<\/p>\n<p>Die TKS bildet zusammen mit ihrem Schwesterunternehmen WTR die Unternehmensgruppe WILMS. Die Unternehmen verstehen sich einerseits als Spezialisten f\u00fcr einzelne Teilaufgaben ihrer Kunden in den unterschiedlichsten Gesch\u00e4ftsfeldern aber ebenso als Komplettpaket-Anbieter.<\/p>\n<p>Niederkr\u00fcchten, im Oktober 2011<\/p>\n<p>Kontakt:<br \/>\nRuth Witteler-Koch<br \/>\nPresse<br \/>\nUnternehmensgruppe WILMS<br \/>\nSohlweg 2<br \/>\nD-41372 Niederkr\u00fcchten<br \/>\nT +49 (0)2163 8987-69<br \/>\nF +49 (0)2163 8987-29<br \/>\n<a href=\"mailto:presse@wilms-tks.de\">presse@wilms-tks.de<\/a><br \/>\n<a href=\"https:\/\/www.wilms-tks.de\">www.wilms-tks.de<\/a><br \/>\n<a href=\"https:\/\/www.wilms-gruppe.de\">www.wilms-gruppe.de<\/a><\/p>\n","protected":false},"excerpt":{"rendered":"<p>Niederkr\u00fcchtener Unternehmen feiert \u201eNamenstag\u201c Die Unternehmensgruppe WILMS (TKS) feiert in diesen Tagen ein besonderes Jubil\u00e4um: Seit 20 Jahren tr\u00e4gt das Gro\u00dfhandels- und Logistikunternehmen den Namen \u201eUnternehmensgruppe WILMS\u201c. Die Geschichte, auf die das Traditionsunternehmen aus Niederkr\u00fcchten zur\u00fcckblicken kann, betr\u00e4gt jedoch weit mehr als 20 Jahre: Bereits&#8230;<\/p>\n","protected":false},"author":1,"featured_media":0,"comment_status":"open","ping_status":"open","sticky":false,"template":"","format":"standard","meta":{"footnotes":""},"categories":[334],"tags":[],"class_list":["post-22360","post","type-post","status-publish","format-standard","hentry","category-pressearchiv-en"],"yoast_head":"<!-- This site is optimized with the Yoast SEO plugin v27.0 - https:\/\/yoast.com\/product\/yoast-seo-wordpress\/ -->\n<title>Unternehmensgruppe WILMS - WILMS Tiefk\u00fchl-Service &amp; WILMS Transport GmbH - Warehouse logistics services Temperature-controlled transport 20 Jahre \u201eUnternehmensgruppe WILMS\u201c<\/title>\n<meta name=\"description\" content=\"Unternehmensgruppe WILMS: WILMS Tiefk\u00fchl-Service &amp; WILMS Transport GmbH - Warehouse logistics services Temperature-controlled transport 20 Jahre \u201eUnternehmensgruppe WILMS\u201c\" \/>\n<meta name=\"robots\" content=\"index, follow, max-snippet:-1, max-image-preview:large, max-video-preview:-1\" \/>\n<link rel=\"canonical\" href=\"https:\/\/www.wilms-gruppe.de\/en\/20-jahre-wilms-tiefkuehl-service-gmbh\/\" \/>\n<meta property=\"og:locale\" content=\"en_US\" \/>\n<meta property=\"og:type\" content=\"article\" \/>\n<meta property=\"og:title\" content=\"Unternehmensgruppe WILMS - WILMS Tiefk\u00fchl-Service &amp; WILMS Transport GmbH - Warehouse logistics services Temperature-controlled transport 20 Jahre \u201eUnternehmensgruppe WILMS\u201c\" \/>\n<meta property=\"og:description\" content=\"Unternehmensgruppe WILMS: WILMS Tiefk\u00fchl-Service &amp; WILMS Transport GmbH - Warehouse logistics services Temperature-controlled transport 20 Jahre \u201eUnternehmensgruppe WILMS\u201c\" \/>\n<meta property=\"og:url\" content=\"https:\/\/www.wilms-gruppe.de\/en\/20-jahre-wilms-tiefkuehl-service-gmbh\/\" \/>\n<meta property=\"og:site_name\" content=\"Unternehmensgruppe WILMS\" \/>\n<meta property=\"article:published_time\" content=\"2019-07-05T14:33:10+00:00\" \/>\n<meta name=\"author\" content=\"WILMS Gruppe\" \/>\n<meta name=\"twitter:card\" content=\"summary_large_image\" \/>\n<meta name=\"twitter:label1\" content=\"Written by\" \/>\n\t<meta name=\"twitter:data1\" content=\"WILMS Gruppe\" \/>\n\t<meta name=\"twitter:label2\" content=\"Est. reading time\" \/>\n\t<meta name=\"twitter:data2\" content=\"2 minutes\" \/>\n<script type=\"application\/ld+json\" class=\"yoast-schema-graph\">{\"@context\":\"https:\/\/schema.org\",\"@graph\":[{\"@type\":\"Article\",\"@id\":\"https:\/\/www.wilms-gruppe.de\/en\/20-jahre-wilms-tiefkuehl-service-gmbh\/#article\",\"isPartOf\":{\"@id\":\"https:\/\/www.wilms-gruppe.de\/en\/20-jahre-wilms-tiefkuehl-service-gmbh\/\"},\"author\":{\"name\":\"WILMS Gruppe\",\"@id\":\"https:\/\/www.wilms-gruppe.de\/en\/#\/schema\/person\/28f4c14e754cfd9aec466fd3da910c8a\"},\"headline\":\"20 Jahre \u201eUnternehmensgruppe WILMS\u201c\",\"datePublished\":\"2019-07-05T14:33:10+00:00\",\"mainEntityOfPage\":{\"@id\":\"https:\/\/www.wilms-gruppe.de\/en\/20-jahre-wilms-tiefkuehl-service-gmbh\/\"},\"wordCount\":492,\"commentCount\":0,\"publisher\":{\"@id\":\"https:\/\/www.wilms-gruppe.de\/en\/#organization\"},\"articleSection\":[\"Pressearchiv\"],\"inLanguage\":\"en-US\"},{\"@type\":\"WebPage\",\"@id\":\"https:\/\/www.wilms-gruppe.de\/en\/20-jahre-wilms-tiefkuehl-service-gmbh\/\",\"url\":\"https:\/\/www.wilms-gruppe.de\/en\/20-jahre-wilms-tiefkuehl-service-gmbh\/\",\"name\":\"Unternehmensgruppe WILMS - WILMS Tiefk\u00fchl-Service & WILMS Transport GmbH - Warehouse logistics services Temperature-controlled transport 20 Jahre \u201eUnternehmensgruppe WILMS\u201c\",\"isPartOf\":{\"@id\":\"https:\/\/www.wilms-gruppe.de\/en\/#website\"},\"datePublished\":\"2019-07-05T14:33:10+00:00\",\"description\":\"Unternehmensgruppe WILMS: WILMS Tiefk\u00fchl-Service & WILMS Transport GmbH - Warehouse logistics services Temperature-controlled transport 20 Jahre \u201eUnternehmensgruppe WILMS\u201c\",\"breadcrumb\":{\"@id\":\"https:\/\/www.wilms-gruppe.de\/en\/20-jahre-wilms-tiefkuehl-service-gmbh\/#breadcrumb\"},\"inLanguage\":\"en-US\",\"potentialAction\":[{\"@type\":\"ReadAction\",\"target\":[\"https:\/\/www.wilms-gruppe.de\/en\/20-jahre-wilms-tiefkuehl-service-gmbh\/\"]}]},{\"@type\":\"BreadcrumbList\",\"@id\":\"https:\/\/www.wilms-gruppe.de\/en\/20-jahre-wilms-tiefkuehl-service-gmbh\/#breadcrumb\",\"itemListElement\":[{\"@type\":\"ListItem\",\"position\":1,\"name\":\"Home\",\"item\":\"https:\/\/www.wilms-gruppe.de\/en\/\"},{\"@type\":\"ListItem\",\"position\":2,\"name\":\"20 Jahre \u201eUnternehmensgruppe WILMS\u201c\"}]},{\"@type\":\"WebSite\",\"@id\":\"https:\/\/www.wilms-gruppe.de\/en\/#website\",\"url\":\"https:\/\/www.wilms-gruppe.de\/en\/\",\"name\":\"Unternehmensgruppe WILMS\",\"description\":\"\",\"publisher\":{\"@id\":\"https:\/\/www.wilms-gruppe.de\/en\/#organization\"},\"potentialAction\":[{\"@type\":\"SearchAction\",\"target\":{\"@type\":\"EntryPoint\",\"urlTemplate\":\"https:\/\/www.wilms-gruppe.de\/en\/?s={search_term_string}\"},\"query-input\":{\"@type\":\"PropertyValueSpecification\",\"valueRequired\":true,\"valueName\":\"search_term_string\"}}],\"inLanguage\":\"en-US\"},{\"@type\":\"Organization\",\"@id\":\"https:\/\/www.wilms-gruppe.de\/en\/#organization\",\"name\":\"WILMS Group\",\"url\":\"https:\/\/www.wilms-gruppe.de\/en\/\",\"logo\":{\"@type\":\"ImageObject\",\"inLanguage\":\"en-US\",\"@id\":\"https:\/\/www.wilms-gruppe.de\/en\/#\/schema\/logo\/image\/\",\"url\":\"https:\/\/www.wilms-gruppe.de\/wp-content\/uploads\/2019\/12\/logo_wilms_transport_klein.png\",\"contentUrl\":\"https:\/\/www.wilms-gruppe.de\/wp-content\/uploads\/2019\/12\/logo_wilms_transport_klein.png\",\"width\":194,\"height\":49,\"caption\":\"WILMS Group\"},\"image\":{\"@id\":\"https:\/\/www.wilms-gruppe.de\/en\/#\/schema\/logo\/image\/\"}},{\"@type\":\"Person\",\"@id\":\"https:\/\/www.wilms-gruppe.de\/en\/#\/schema\/person\/28f4c14e754cfd9aec466fd3da910c8a\",\"name\":\"WILMS Gruppe\",\"image\":{\"@type\":\"ImageObject\",\"inLanguage\":\"en-US\",\"@id\":\"https:\/\/www.wilms-gruppe.de\/en\/#\/schema\/person\/image\/\",\"url\":\"https:\/\/secure.gravatar.com\/avatar\/8a122b4b5a36c24f5a457607c614b03adea035bb26ada6b0df26aa355a776ac5?s=96&d=mm&r=g\",\"contentUrl\":\"https:\/\/secure.gravatar.com\/avatar\/8a122b4b5a36c24f5a457607c614b03adea035bb26ada6b0df26aa355a776ac5?s=96&d=mm&r=g\",\"caption\":\"WILMS Gruppe\"}}]}<\/script>\n<!-- \/ Yoast SEO plugin. -->","yoast_head_json":{"title":"Unternehmensgruppe WILMS - WILMS Tiefk\u00fchl-Service & WILMS Transport GmbH - Warehouse logistics services Temperature-controlled transport 20 Jahre \u201eUnternehmensgruppe WILMS\u201c","description":"Unternehmensgruppe WILMS: WILMS Tiefk\u00fchl-Service & WILMS Transport GmbH - Warehouse logistics services Temperature-controlled transport 20 Jahre \u201eUnternehmensgruppe WILMS\u201c","robots":{"index":"index","follow":"follow","max-snippet":"max-snippet:-1","max-image-preview":"max-image-preview:large","max-video-preview":"max-video-preview:-1"},"canonical":"https:\/\/www.wilms-gruppe.de\/en\/20-jahre-wilms-tiefkuehl-service-gmbh\/","og_locale":"en_US","og_type":"article","og_title":"Unternehmensgruppe WILMS - WILMS Tiefk\u00fchl-Service & WILMS Transport GmbH - Warehouse logistics services Temperature-controlled transport 20 Jahre \u201eUnternehmensgruppe WILMS\u201c","og_description":"Unternehmensgruppe WILMS: WILMS Tiefk\u00fchl-Service & WILMS Transport GmbH - Warehouse logistics services Temperature-controlled transport 20 Jahre \u201eUnternehmensgruppe WILMS\u201c","og_url":"https:\/\/www.wilms-gruppe.de\/en\/20-jahre-wilms-tiefkuehl-service-gmbh\/","og_site_name":"Unternehmensgruppe WILMS","article_published_time":"2019-07-05T14:33:10+00:00","author":"WILMS Gruppe","twitter_card":"summary_large_image","twitter_misc":{"Written by":"WILMS Gruppe","Est. reading time":"2 minutes"},"schema":{"@context":"https:\/\/schema.org","@graph":[{"@type":"Article","@id":"https:\/\/www.wilms-gruppe.de\/en\/20-jahre-wilms-tiefkuehl-service-gmbh\/#article","isPartOf":{"@id":"https:\/\/www.wilms-gruppe.de\/en\/20-jahre-wilms-tiefkuehl-service-gmbh\/"},"author":{"name":"WILMS Gruppe","@id":"https:\/\/www.wilms-gruppe.de\/en\/#\/schema\/person\/28f4c14e754cfd9aec466fd3da910c8a"},"headline":"20 Jahre \u201eUnternehmensgruppe WILMS\u201c","datePublished":"2019-07-05T14:33:10+00:00","mainEntityOfPage":{"@id":"https:\/\/www.wilms-gruppe.de\/en\/20-jahre-wilms-tiefkuehl-service-gmbh\/"},"wordCount":492,"commentCount":0,"publisher":{"@id":"https:\/\/www.wilms-gruppe.de\/en\/#organization"},"articleSection":["Pressearchiv"],"inLanguage":"en-US"},{"@type":"WebPage","@id":"https:\/\/www.wilms-gruppe.de\/en\/20-jahre-wilms-tiefkuehl-service-gmbh\/","url":"https:\/\/www.wilms-gruppe.de\/en\/20-jahre-wilms-tiefkuehl-service-gmbh\/","name":"Unternehmensgruppe WILMS - WILMS Tiefk\u00fchl-Service & WILMS Transport GmbH - Warehouse logistics services Temperature-controlled transport 20 Jahre \u201eUnternehmensgruppe WILMS\u201c","isPartOf":{"@id":"https:\/\/www.wilms-gruppe.de\/en\/#website"},"datePublished":"2019-07-05T14:33:10+00:00","description":"Unternehmensgruppe WILMS: WILMS Tiefk\u00fchl-Service & WILMS Transport GmbH - Warehouse logistics services Temperature-controlled transport 20 Jahre \u201eUnternehmensgruppe WILMS\u201c","breadcrumb":{"@id":"https:\/\/www.wilms-gruppe.de\/en\/20-jahre-wilms-tiefkuehl-service-gmbh\/#breadcrumb"},"inLanguage":"en-US","potentialAction":[{"@type":"ReadAction","target":["https:\/\/www.wilms-gruppe.de\/en\/20-jahre-wilms-tiefkuehl-service-gmbh\/"]}]},{"@type":"BreadcrumbList","@id":"https:\/\/www.wilms-gruppe.de\/en\/20-jahre-wilms-tiefkuehl-service-gmbh\/#breadcrumb","itemListElement":[{"@type":"ListItem","position":1,"name":"Home","item":"https:\/\/www.wilms-gruppe.de\/en\/"},{"@type":"ListItem","position":2,"name":"20 Jahre \u201eUnternehmensgruppe WILMS\u201c"}]},{"@type":"WebSite","@id":"https:\/\/www.wilms-gruppe.de\/en\/#website","url":"https:\/\/www.wilms-gruppe.de\/en\/","name":"Unternehmensgruppe WILMS","description":"","publisher":{"@id":"https:\/\/www.wilms-gruppe.de\/en\/#organization"},"potentialAction":[{"@type":"SearchAction","target":{"@type":"EntryPoint","urlTemplate":"https:\/\/www.wilms-gruppe.de\/en\/?s={search_term_string}"},"query-input":{"@type":"PropertyValueSpecification","valueRequired":true,"valueName":"search_term_string"}}],"inLanguage":"en-US"},{"@type":"Organization","@id":"https:\/\/www.wilms-gruppe.de\/en\/#organization","name":"WILMS Group","url":"https:\/\/www.wilms-gruppe.de\/en\/","logo":{"@type":"ImageObject","inLanguage":"en-US","@id":"https:\/\/www.wilms-gruppe.de\/en\/#\/schema\/logo\/image\/","url":"https:\/\/www.wilms-gruppe.de\/wp-content\/uploads\/2019\/12\/logo_wilms_transport_klein.png","contentUrl":"https:\/\/www.wilms-gruppe.de\/wp-content\/uploads\/2019\/12\/logo_wilms_transport_klein.png","width":194,"height":49,"caption":"WILMS Group"},"image":{"@id":"https:\/\/www.wilms-gruppe.de\/en\/#\/schema\/logo\/image\/"}},{"@type":"Person","@id":"https:\/\/www.wilms-gruppe.de\/en\/#\/schema\/person\/28f4c14e754cfd9aec466fd3da910c8a","name":"WILMS Gruppe","image":{"@type":"ImageObject","inLanguage":"en-US","@id":"https:\/\/www.wilms-gruppe.de\/en\/#\/schema\/person\/image\/","url":"https:\/\/secure.gravatar.com\/avatar\/8a122b4b5a36c24f5a457607c614b03adea035bb26ada6b0df26aa355a776ac5?s=96&d=mm&r=g","contentUrl":"https:\/\/secure.gravatar.com\/avatar\/8a122b4b5a36c24f5a457607c614b03adea035bb26ada6b0df26aa355a776ac5?s=96&d=mm&r=g","caption":"WILMS Gruppe"}}]}},"_links":{"self":[{"href":"https:\/\/www.wilms-gruppe.de\/en\/wp-json\/wp\/v2\/posts\/22360","targetHints":{"allow":["GET"]}}],"collection":[{"href":"https:\/\/www.wilms-gruppe.de\/en\/wp-json\/wp\/v2\/posts"}],"about":[{"href":"https:\/\/www.wilms-gruppe.de\/en\/wp-json\/wp\/v2\/types\/post"}],"author":[{"embeddable":true,"href":"https:\/\/www.wilms-gruppe.de\/en\/wp-json\/wp\/v2\/users\/1"}],"replies":[{"embeddable":true,"href":"https:\/\/www.wilms-gruppe.de\/en\/wp-json\/wp\/v2\/comments?post=22360"}],"version-history":[{"count":0,"href":"https:\/\/www.wilms-gruppe.de\/en\/wp-json\/wp\/v2\/posts\/22360\/revisions"}],"wp:attachment":[{"href":"https:\/\/www.wilms-gruppe.de\/en\/wp-json\/wp\/v2\/media?parent=22360"}],"wp:term":[{"taxonomy":"category","embeddable":true,"href":"https:\/\/www.wilms-gruppe.de\/en\/wp-json\/wp\/v2\/categories?post=22360"},{"taxonomy":"post_tag","embeddable":true,"href":"https:\/\/www.wilms-gruppe.de\/en\/wp-json\/wp\/v2\/tags?post=22360"}],"curies":[{"name":"wp","href":"https:\/\/api.w.org\/{rel}","templated":true}]}}