{"id":22358,"date":"2019-07-05T16:33:09","date_gmt":"2019-07-05T14:33:09","guid":{"rendered":"http:\/\/wordpress.wilms-tks.de\/langjaehrige-firmentreue-wilms-tiefkuehl-service-feiert-jubilar\/"},"modified":"2019-07-05T16:33:09","modified_gmt":"2019-07-05T14:33:09","slug":"langjaehrige-firmentreue-wilms-tiefkuehl-service-feiert-jubilar","status":"publish","type":"post","link":"https:\/\/www.wilms-gruppe.de\/en\/langjaehrige-firmentreue-wilms-tiefkuehl-service-feiert-jubilar\/","title":{"rendered":"Langj\u00e4hrige Firmentreue: WILMS Tiefk\u00fchl-Service feiert Jubilar"},"content":{"rendered":"<p>Die Niederkr\u00fcchtener Unternehmensgruppe WILMS feiert in diesen Tagen das 25-j\u00e4hrige Betriebsjubil\u00e4um ihres Mitarbeiters Heinz Honigs. Der 48-j\u00e4hrige gelernte Kfz-Mechaniker hatte am 1. Oktober 1986 als Mitarbeiter im Lagerbereich bei der Heinrich Nolten sen. oHG begonnen, wie das Unternehmen seinerzeit noch hie\u00df. Der Sitz war damals in Wegberg-Arsbeck.<\/p>\n<p>Die Treue zum Unternehmen hat bei Honigs Tradition: Schon sein Vater Gerd Honigs hatte ab dem Jahr 1977 f\u00fcr die Familie Margot und Stephan Wilms im kleinen Betrieb an der Heiderstra\u00dfe gearbeitet. Er erlebte die mehrfachen Expansionen des Unternehmens, das im Jahr 1985 zun\u00e4chst in das neu erbaute Firmengeb\u00e4ude auf der Roermonder Bahn in Arsbeck umzog. Sechs Jahre sp\u00e4ter war dann der heutige Hauptsitz in Niederkr\u00fcchten-Dam bezugsfertig.<\/p>\n<p>Gerd Honigs war der \u201eKopf\u201c des Wareneingangs. Leider verhinderte das Schicksal, dass Gerd Honigs die 25 Jahre Betriebszugeh\u00f6rigkeit erreichte: Er verstarb pl\u00f6tzlich im Mai 2001 kurz vor seinem 62. Geburtstag.<\/p>\n<p>Sein Sohn Heinz Honigs f\u00fchrte die Tradition seines Vaters fort und entwickelte sich ebenfalls zu einem unverzichtbaren Mitarbeiter: \u201eIm Laufe all der Jahre, die Heinz Honigs bei uns t\u00e4tig ist, hat er sich zu einem verantwortlichen Gruppenleiter mit gro\u00dfer Sachkenntnis im Bereich Wareneingang und Konfektionierung entwickelt\u201c, so Gerdamarie Feemers, Vorsitzende der Gesch\u00e4ftsf\u00fchrung. Honigs vertritt den Lagerleiter in dessen Abwesenheit und ist zust\u00e4ndig f\u00fcr die Einsatzplanung von etwa 20 Mitarbeitern. Seit Ende der 80er Jahre ist er zudem Sicherheitsbeauftragter und dar\u00fcber hinaus zur Ausbildereignung legitimiert.<\/p>\n<p>Auch in seiner Freizeit ist Honigs vielseitig interessiert und engagiert. Der Karnevalsfan ist Mitglied in der ersten Garde des Karnevalsvereins De Maibl\u00f6mkes in Dalheim. Zudem ist er als Vorstandsmitglied in der St. Rochus-Sch\u00fctzenbruderschaft in Dalheim-R\u00f6dgen aktiv. Er ist ein talentierter Heimwerker, der gerne an seinem Haus arbeitet.<br \/>\nIn jungen Jahren war er zudem begeisterter Fu\u00dfballer und Motorradfahrer.<\/p>\n<p>\u201eWir danken Heinz Honigs sehr herzlich f\u00fcr seine Treue und sein Engagement und hoffen, wir werden auch noch sein n\u00e4chstes Firmenjubil\u00e4um mit ihm feiern\u201c, so Gerdamarie Feemers.<\/p>\n<p>Oktober 2012<\/p>\n<p>Kontakt:<br \/>\nRuth Witteler-Koch<br \/>\nPresse<br \/>\nUnternehmensgruppe WILMS<br \/>\nSohlweg 2<br \/>\nD-41372 Niederkr\u00fcchten<br \/>\nT +49 (0)2163 8987-69<br \/>\nF +49 (0)2163 8987-55<br \/>\n<a href=\"mailto:presse@wilms-gruppe.de\">presse@wilms-gruppe.de<\/a><\/p>\n","protected":false},"excerpt":{"rendered":"<p>Die Niederkr\u00fcchtener Unternehmensgruppe WILMS feiert in diesen Tagen das 25-j\u00e4hrige Betriebsjubil\u00e4um ihres Mitarbeiters Heinz Honigs. Der 48-j\u00e4hrige gelernte Kfz-Mechaniker hatte am 1. Oktober 1986 als Mitarbeiter im Lagerbereich bei der Heinrich Nolten sen. oHG begonnen, wie das Unternehmen seinerzeit noch hie\u00df. Der Sitz war damals&#8230;<\/p>\n","protected":false},"author":1,"featured_media":0,"comment_status":"open","ping_status":"open","sticky":false,"template":"","format":"standard","meta":{"footnotes":""},"categories":[334],"tags":[],"class_list":["post-22358","post","type-post","status-publish","format-standard","hentry","category-pressearchiv-en"],"yoast_head":"<!-- This site is optimized with the Yoast SEO plugin v27.0 - https:\/\/yoast.com\/product\/yoast-seo-wordpress\/ -->\n<title>Unternehmensgruppe WILMS - WILMS Tiefk\u00fchl-Service &amp; WILMS Transport GmbH - Warehouse logistics services Temperature-controlled transport Langj\u00e4hrige Firmentreue: WILMS Tiefk\u00fchl-Service feiert Jubilar<\/title>\n<meta name=\"description\" content=\"Unternehmensgruppe WILMS: WILMS Tiefk\u00fchl-Service &amp; WILMS Transport GmbH - Warehouse logistics services Temperature-controlled transport Langj\u00e4hrige Firmentreue: WILMS Tiefk\u00fchl-Service feiert Jubilar\" \/>\n<meta name=\"robots\" content=\"index, follow, max-snippet:-1, max-image-preview:large, max-video-preview:-1\" \/>\n<link rel=\"canonical\" href=\"https:\/\/www.wilms-gruppe.de\/en\/langjaehrige-firmentreue-wilms-tiefkuehl-service-feiert-jubilar\/\" \/>\n<meta property=\"og:locale\" content=\"en_US\" \/>\n<meta property=\"og:type\" content=\"article\" \/>\n<meta property=\"og:title\" content=\"Unternehmensgruppe WILMS - WILMS Tiefk\u00fchl-Service &amp; WILMS Transport GmbH - Warehouse logistics services Temperature-controlled transport Langj\u00e4hrige Firmentreue: WILMS Tiefk\u00fchl-Service feiert Jubilar\" \/>\n<meta property=\"og:description\" content=\"Unternehmensgruppe WILMS: WILMS Tiefk\u00fchl-Service &amp; WILMS Transport GmbH - Warehouse logistics services Temperature-controlled transport Langj\u00e4hrige Firmentreue: WILMS Tiefk\u00fchl-Service feiert Jubilar\" \/>\n<meta property=\"og:url\" content=\"https:\/\/www.wilms-gruppe.de\/en\/langjaehrige-firmentreue-wilms-tiefkuehl-service-feiert-jubilar\/\" \/>\n<meta property=\"og:site_name\" content=\"Unternehmensgruppe WILMS\" \/>\n<meta property=\"article:published_time\" content=\"2019-07-05T14:33:09+00:00\" \/>\n<meta name=\"author\" content=\"WILMS Gruppe\" \/>\n<meta name=\"twitter:card\" content=\"summary_large_image\" \/>\n<meta name=\"twitter:label1\" content=\"Written by\" \/>\n\t<meta name=\"twitter:data1\" content=\"WILMS Gruppe\" \/>\n\t<meta name=\"twitter:label2\" content=\"Est. reading time\" \/>\n\t<meta name=\"twitter:data2\" content=\"2 minutes\" \/>\n<script type=\"application\/ld+json\" class=\"yoast-schema-graph\">{\"@context\":\"https:\/\/schema.org\",\"@graph\":[{\"@type\":\"Article\",\"@id\":\"https:\/\/www.wilms-gruppe.de\/en\/langjaehrige-firmentreue-wilms-tiefkuehl-service-feiert-jubilar\/#article\",\"isPartOf\":{\"@id\":\"https:\/\/www.wilms-gruppe.de\/en\/langjaehrige-firmentreue-wilms-tiefkuehl-service-feiert-jubilar\/\"},\"author\":{\"name\":\"WILMS Gruppe\",\"@id\":\"https:\/\/www.wilms-gruppe.de\/en\/#\/schema\/person\/28f4c14e754cfd9aec466fd3da910c8a\"},\"headline\":\"Langj\u00e4hrige Firmentreue: WILMS Tiefk\u00fchl-Service feiert Jubilar\",\"datePublished\":\"2019-07-05T14:33:09+00:00\",\"mainEntityOfPage\":{\"@id\":\"https:\/\/www.wilms-gruppe.de\/en\/langjaehrige-firmentreue-wilms-tiefkuehl-service-feiert-jubilar\/\"},\"wordCount\":357,\"commentCount\":0,\"publisher\":{\"@id\":\"https:\/\/www.wilms-gruppe.de\/en\/#organization\"},\"articleSection\":[\"Pressearchiv\"],\"inLanguage\":\"en-US\"},{\"@type\":\"WebPage\",\"@id\":\"https:\/\/www.wilms-gruppe.de\/en\/langjaehrige-firmentreue-wilms-tiefkuehl-service-feiert-jubilar\/\",\"url\":\"https:\/\/www.wilms-gruppe.de\/en\/langjaehrige-firmentreue-wilms-tiefkuehl-service-feiert-jubilar\/\",\"name\":\"Unternehmensgruppe WILMS - WILMS Tiefk\u00fchl-Service & WILMS Transport GmbH - Warehouse logistics services Temperature-controlled transport Langj\u00e4hrige Firmentreue: WILMS Tiefk\u00fchl-Service feiert Jubilar\",\"isPartOf\":{\"@id\":\"https:\/\/www.wilms-gruppe.de\/en\/#website\"},\"datePublished\":\"2019-07-05T14:33:09+00:00\",\"description\":\"Unternehmensgruppe WILMS: WILMS Tiefk\u00fchl-Service & WILMS Transport GmbH - Warehouse logistics services Temperature-controlled transport Langj\u00e4hrige Firmentreue: WILMS Tiefk\u00fchl-Service feiert Jubilar\",\"breadcrumb\":{\"@id\":\"https:\/\/www.wilms-gruppe.de\/en\/langjaehrige-firmentreue-wilms-tiefkuehl-service-feiert-jubilar\/#breadcrumb\"},\"inLanguage\":\"en-US\",\"potentialAction\":[{\"@type\":\"ReadAction\",\"target\":[\"https:\/\/www.wilms-gruppe.de\/en\/langjaehrige-firmentreue-wilms-tiefkuehl-service-feiert-jubilar\/\"]}]},{\"@type\":\"BreadcrumbList\",\"@id\":\"https:\/\/www.wilms-gruppe.de\/en\/langjaehrige-firmentreue-wilms-tiefkuehl-service-feiert-jubilar\/#breadcrumb\",\"itemListElement\":[{\"@type\":\"ListItem\",\"position\":1,\"name\":\"Home\",\"item\":\"https:\/\/www.wilms-gruppe.de\/en\/\"},{\"@type\":\"ListItem\",\"position\":2,\"name\":\"Langj\u00e4hrige Firmentreue: WILMS Tiefk\u00fchl-Service feiert Jubilar\"}]},{\"@type\":\"WebSite\",\"@id\":\"https:\/\/www.wilms-gruppe.de\/en\/#website\",\"url\":\"https:\/\/www.wilms-gruppe.de\/en\/\",\"name\":\"Unternehmensgruppe WILMS\",\"description\":\"\",\"publisher\":{\"@id\":\"https:\/\/www.wilms-gruppe.de\/en\/#organization\"},\"potentialAction\":[{\"@type\":\"SearchAction\",\"target\":{\"@type\":\"EntryPoint\",\"urlTemplate\":\"https:\/\/www.wilms-gruppe.de\/en\/?s={search_term_string}\"},\"query-input\":{\"@type\":\"PropertyValueSpecification\",\"valueRequired\":true,\"valueName\":\"search_term_string\"}}],\"inLanguage\":\"en-US\"},{\"@type\":\"Organization\",\"@id\":\"https:\/\/www.wilms-gruppe.de\/en\/#organization\",\"name\":\"WILMS Group\",\"url\":\"https:\/\/www.wilms-gruppe.de\/en\/\",\"logo\":{\"@type\":\"ImageObject\",\"inLanguage\":\"en-US\",\"@id\":\"https:\/\/www.wilms-gruppe.de\/en\/#\/schema\/logo\/image\/\",\"url\":\"https:\/\/www.wilms-gruppe.de\/wp-content\/uploads\/2019\/12\/logo_wilms_transport_klein.png\",\"contentUrl\":\"https:\/\/www.wilms-gruppe.de\/wp-content\/uploads\/2019\/12\/logo_wilms_transport_klein.png\",\"width\":194,\"height\":49,\"caption\":\"WILMS Group\"},\"image\":{\"@id\":\"https:\/\/www.wilms-gruppe.de\/en\/#\/schema\/logo\/image\/\"}},{\"@type\":\"Person\",\"@id\":\"https:\/\/www.wilms-gruppe.de\/en\/#\/schema\/person\/28f4c14e754cfd9aec466fd3da910c8a\",\"name\":\"WILMS Gruppe\",\"image\":{\"@type\":\"ImageObject\",\"inLanguage\":\"en-US\",\"@id\":\"https:\/\/www.wilms-gruppe.de\/en\/#\/schema\/person\/image\/\",\"url\":\"https:\/\/secure.gravatar.com\/avatar\/8a122b4b5a36c24f5a457607c614b03adea035bb26ada6b0df26aa355a776ac5?s=96&d=mm&r=g\",\"contentUrl\":\"https:\/\/secure.gravatar.com\/avatar\/8a122b4b5a36c24f5a457607c614b03adea035bb26ada6b0df26aa355a776ac5?s=96&d=mm&r=g\",\"caption\":\"WILMS Gruppe\"}}]}<\/script>\n<!-- \/ Yoast SEO plugin. -->","yoast_head_json":{"title":"Unternehmensgruppe WILMS - WILMS Tiefk\u00fchl-Service & WILMS Transport GmbH - Warehouse logistics services Temperature-controlled transport Langj\u00e4hrige Firmentreue: WILMS Tiefk\u00fchl-Service feiert Jubilar","description":"Unternehmensgruppe WILMS: WILMS Tiefk\u00fchl-Service & WILMS Transport GmbH - Warehouse logistics services Temperature-controlled transport Langj\u00e4hrige Firmentreue: WILMS Tiefk\u00fchl-Service feiert Jubilar","robots":{"index":"index","follow":"follow","max-snippet":"max-snippet:-1","max-image-preview":"max-image-preview:large","max-video-preview":"max-video-preview:-1"},"canonical":"https:\/\/www.wilms-gruppe.de\/en\/langjaehrige-firmentreue-wilms-tiefkuehl-service-feiert-jubilar\/","og_locale":"en_US","og_type":"article","og_title":"Unternehmensgruppe WILMS - WILMS Tiefk\u00fchl-Service & WILMS Transport GmbH - Warehouse logistics services Temperature-controlled transport Langj\u00e4hrige Firmentreue: WILMS Tiefk\u00fchl-Service feiert Jubilar","og_description":"Unternehmensgruppe WILMS: WILMS Tiefk\u00fchl-Service & WILMS Transport GmbH - Warehouse logistics services Temperature-controlled transport Langj\u00e4hrige Firmentreue: WILMS Tiefk\u00fchl-Service feiert Jubilar","og_url":"https:\/\/www.wilms-gruppe.de\/en\/langjaehrige-firmentreue-wilms-tiefkuehl-service-feiert-jubilar\/","og_site_name":"Unternehmensgruppe WILMS","article_published_time":"2019-07-05T14:33:09+00:00","author":"WILMS Gruppe","twitter_card":"summary_large_image","twitter_misc":{"Written by":"WILMS Gruppe","Est. reading time":"2 minutes"},"schema":{"@context":"https:\/\/schema.org","@graph":[{"@type":"Article","@id":"https:\/\/www.wilms-gruppe.de\/en\/langjaehrige-firmentreue-wilms-tiefkuehl-service-feiert-jubilar\/#article","isPartOf":{"@id":"https:\/\/www.wilms-gruppe.de\/en\/langjaehrige-firmentreue-wilms-tiefkuehl-service-feiert-jubilar\/"},"author":{"name":"WILMS Gruppe","@id":"https:\/\/www.wilms-gruppe.de\/en\/#\/schema\/person\/28f4c14e754cfd9aec466fd3da910c8a"},"headline":"Langj\u00e4hrige Firmentreue: WILMS Tiefk\u00fchl-Service feiert Jubilar","datePublished":"2019-07-05T14:33:09+00:00","mainEntityOfPage":{"@id":"https:\/\/www.wilms-gruppe.de\/en\/langjaehrige-firmentreue-wilms-tiefkuehl-service-feiert-jubilar\/"},"wordCount":357,"commentCount":0,"publisher":{"@id":"https:\/\/www.wilms-gruppe.de\/en\/#organization"},"articleSection":["Pressearchiv"],"inLanguage":"en-US"},{"@type":"WebPage","@id":"https:\/\/www.wilms-gruppe.de\/en\/langjaehrige-firmentreue-wilms-tiefkuehl-service-feiert-jubilar\/","url":"https:\/\/www.wilms-gruppe.de\/en\/langjaehrige-firmentreue-wilms-tiefkuehl-service-feiert-jubilar\/","name":"Unternehmensgruppe WILMS - WILMS Tiefk\u00fchl-Service & WILMS Transport GmbH - Warehouse logistics services Temperature-controlled transport Langj\u00e4hrige Firmentreue: WILMS Tiefk\u00fchl-Service feiert Jubilar","isPartOf":{"@id":"https:\/\/www.wilms-gruppe.de\/en\/#website"},"datePublished":"2019-07-05T14:33:09+00:00","description":"Unternehmensgruppe WILMS: WILMS Tiefk\u00fchl-Service & WILMS Transport GmbH - Warehouse logistics services Temperature-controlled transport Langj\u00e4hrige Firmentreue: WILMS Tiefk\u00fchl-Service feiert Jubilar","breadcrumb":{"@id":"https:\/\/www.wilms-gruppe.de\/en\/langjaehrige-firmentreue-wilms-tiefkuehl-service-feiert-jubilar\/#breadcrumb"},"inLanguage":"en-US","potentialAction":[{"@type":"ReadAction","target":["https:\/\/www.wilms-gruppe.de\/en\/langjaehrige-firmentreue-wilms-tiefkuehl-service-feiert-jubilar\/"]}]},{"@type":"BreadcrumbList","@id":"https:\/\/www.wilms-gruppe.de\/en\/langjaehrige-firmentreue-wilms-tiefkuehl-service-feiert-jubilar\/#breadcrumb","itemListElement":[{"@type":"ListItem","position":1,"name":"Home","item":"https:\/\/www.wilms-gruppe.de\/en\/"},{"@type":"ListItem","position":2,"name":"Langj\u00e4hrige Firmentreue: WILMS Tiefk\u00fchl-Service feiert Jubilar"}]},{"@type":"WebSite","@id":"https:\/\/www.wilms-gruppe.de\/en\/#website","url":"https:\/\/www.wilms-gruppe.de\/en\/","name":"Unternehmensgruppe WILMS","description":"","publisher":{"@id":"https:\/\/www.wilms-gruppe.de\/en\/#organization"},"potentialAction":[{"@type":"SearchAction","target":{"@type":"EntryPoint","urlTemplate":"https:\/\/www.wilms-gruppe.de\/en\/?s={search_term_string}"},"query-input":{"@type":"PropertyValueSpecification","valueRequired":true,"valueName":"search_term_string"}}],"inLanguage":"en-US"},{"@type":"Organization","@id":"https:\/\/www.wilms-gruppe.de\/en\/#organization","name":"WILMS Group","url":"https:\/\/www.wilms-gruppe.de\/en\/","logo":{"@type":"ImageObject","inLanguage":"en-US","@id":"https:\/\/www.wilms-gruppe.de\/en\/#\/schema\/logo\/image\/","url":"https:\/\/www.wilms-gruppe.de\/wp-content\/uploads\/2019\/12\/logo_wilms_transport_klein.png","contentUrl":"https:\/\/www.wilms-gruppe.de\/wp-content\/uploads\/2019\/12\/logo_wilms_transport_klein.png","width":194,"height":49,"caption":"WILMS Group"},"image":{"@id":"https:\/\/www.wilms-gruppe.de\/en\/#\/schema\/logo\/image\/"}},{"@type":"Person","@id":"https:\/\/www.wilms-gruppe.de\/en\/#\/schema\/person\/28f4c14e754cfd9aec466fd3da910c8a","name":"WILMS Gruppe","image":{"@type":"ImageObject","inLanguage":"en-US","@id":"https:\/\/www.wilms-gruppe.de\/en\/#\/schema\/person\/image\/","url":"https:\/\/secure.gravatar.com\/avatar\/8a122b4b5a36c24f5a457607c614b03adea035bb26ada6b0df26aa355a776ac5?s=96&d=mm&r=g","contentUrl":"https:\/\/secure.gravatar.com\/avatar\/8a122b4b5a36c24f5a457607c614b03adea035bb26ada6b0df26aa355a776ac5?s=96&d=mm&r=g","caption":"WILMS Gruppe"}}]}},"_links":{"self":[{"href":"https:\/\/www.wilms-gruppe.de\/en\/wp-json\/wp\/v2\/posts\/22358","targetHints":{"allow":["GET"]}}],"collection":[{"href":"https:\/\/www.wilms-gruppe.de\/en\/wp-json\/wp\/v2\/posts"}],"about":[{"href":"https:\/\/www.wilms-gruppe.de\/en\/wp-json\/wp\/v2\/types\/post"}],"author":[{"embeddable":true,"href":"https:\/\/www.wilms-gruppe.de\/en\/wp-json\/wp\/v2\/users\/1"}],"replies":[{"embeddable":true,"href":"https:\/\/www.wilms-gruppe.de\/en\/wp-json\/wp\/v2\/comments?post=22358"}],"version-history":[{"count":0,"href":"https:\/\/www.wilms-gruppe.de\/en\/wp-json\/wp\/v2\/posts\/22358\/revisions"}],"wp:attachment":[{"href":"https:\/\/www.wilms-gruppe.de\/en\/wp-json\/wp\/v2\/media?parent=22358"}],"wp:term":[{"taxonomy":"category","embeddable":true,"href":"https:\/\/www.wilms-gruppe.de\/en\/wp-json\/wp\/v2\/categories?post=22358"},{"taxonomy":"post_tag","embeddable":true,"href":"https:\/\/www.wilms-gruppe.de\/en\/wp-json\/wp\/v2\/tags?post=22358"}],"curies":[{"name":"wp","href":"https:\/\/api.w.org\/{rel}","templated":true}]}}